{"id":10972,"date":"2023-07-05T00:43:49","date_gmt":"2023-07-05T00:43:49","guid":{"rendered":"https:\/\/www.lapoliticaonline.com\/conurbano\/maximo-lo-que-hizo-macri-es-una-verguenza\/"},"modified":"2023-07-05T00:43:49","modified_gmt":"2023-07-05T00:43:49","slug":"lo-que-hizo-macri-es-una-verguenza","status":"publish","type":"post","link":"https:\/\/latecordoba.com\/index.php\/2023\/07\/05\/lo-que-hizo-macri-es-una-verguenza\/","title":{"rendered":"&#8220;Lo que hizo Macri es una verg\u00fcenza&#8221;"},"content":{"rendered":"\n<div><img decoding=\"async\" src=\"http:\/\/latecordoba.com\/wp-content\/uploads\/2023\/07\/lo-que-hizo-macri-es-una-verguenza.jpg\" class=\"ff-og-image-inserted\"><\/div>\n<div id=\"vsmcontent\" readability=\"126\">\n<p>M\u00e1ximo Kirchner y Wado de Pedro estuvieron en la presentaci\u00f3n de la lista que encabeza Juli\u00e1n \u00c1lvarez para la intendencia de Lan\u00fas. &#8220;Esta elecci\u00f3n es la que va a empoderar al pr\u00f3ximo Presidente para poder defender los porotos de los argentinos&#8221;, dijo el presidente del PJ bonaerense.<\/p>\n<p>&#8220;La amenaza se cierne no sobre nuestro Ministro de econom\u00eda, sino sobre la salud de nuestro pueblo, la educaci\u00f3n de nuestro pueblo, sobre el derecho a la vivienda de nuestro pueblo, sobre el trabajo de nuestro pueblo, lo que ha hecho el macrismo en la Argentina es una verg\u00fcenza, vergonzoso, la forma en que algunos quisieron resolverlo tampoco ha sido la correcta&#8221;, asegur\u00f3.<\/p>\n<p>&#8220;Y aparte, quiero decir, la poca formaci\u00f3n que tienen en materia pol\u00edtica, en materia econ\u00f3mica pero aparte es preocupante la poca formaci\u00f3n que tienen en materia humana. En conocer a aquello que se desea gobernar en conocer a los argentinos y a las argentinas m\u00e1s all\u00e1 de un focus group. De saber lo que quieren de cu\u00e1les son problemas y de cu\u00e1les son sus deseos&#8221;, dijo. <\/p>\n<p>Adem\u00e1s, asegur\u00f3 que &#8220;esta elecci\u00f3n que encaramos, y como bien dec\u00eda el candidato a Presidente Sergio Massa y Ministro de Econom\u00eda respecto del Fondo Monetario en estos d\u00edas, necesitamos reconstruir y pelear por la soberan\u00eda de nuestro pa\u00eds. Esta elecci\u00f3n es la que va a empoderar al pr\u00f3ximo Presidente para poder defender los porotos de las argentinas y los argentinos.&#8221;<\/p>\n<p>&#8220;Asi que Juli\u00e1n, metele con muchas ganas, la responsabilidad de gobernar a tus vecinos y vecinas quiz\u00e1s sea uno de los honores m\u00e1s grandes que cualquier militante pol\u00edtico puede tener en su vida. Y esto lo digo con conocimiento de causa porque recuerdo siempre a quien fuera Presidente de la Argentina como N\u00e9stor, que empez\u00f3 gobernando una intendencia de 40 mil personas y mir\u00e1 como cambi\u00f3 el destino de un pa\u00eds&#8221;, dijo.<\/p>\n<p>&#8220;Esto aparte es una parada dif\u00edcil, pero no para un espacio electoral o un partido en particular. Esta es una parada dif\u00edcil para la Argentina en t\u00e9rminos generales. Hace un a\u00f1o atr\u00e1s, un a\u00f1o y medio atr\u00e1s vinimos ac\u00e1 a Lan\u00fas. Cuando vos Juli\u00e1n asum\u00edas la presidencia del Partido Justicialista a nivel distrital con los dem\u00e1s compa\u00f1eros que hab\u00edan ordenado las PASO que se hab\u00edan realizado hacia unas semanas. En aquel acto cuando vinimos aqu\u00ed a Lan\u00fas quienes hayan estado presentes ese d\u00eda lo recordar\u00e1n, fuimos muy claros respecto de la postura que ten\u00edamos en la marcha de la econom\u00eda, y en los condicionamientos que expresaba no haber seguido discutiendo con el FMI&#8221;.<\/p>\n<p>&#8220;No tenemos derecho a estar tristes, tenemos que dar todas las batallas, somos una generaci\u00f3n que va a gobernar la Argentina tarde o temprano pero la va a gobernar, hay que tenerlo en claro. Porque queremos a nuestra patria, porque queremos a nuestro pa\u00eds y porque tenemos la firme convicci\u00f3n tambi\u00e9n que en agosto y que en octubre el peronismo debe ganar las elecciones para evitar m\u00e1s tragedias en la Argentina&#8221;, agreg\u00f3.<\/p>\n<p>Al referirse a las y los j\u00f3venes que se desempe\u00f1an en las diferentes empresas de aplicaciones y pedidos expres\u00f3: &#8220;Hay que hablar con ellas y con ellos para que entiendan que tienen derechos y que tienen que ejercerlos en todos los lugares. No puede ser que convenzan a las argentinas y a los argentinos de auto explotarse. Salarios dignos, derechos y responsabilidad del trabajador y la trabajadora a la hora de producir como vemos todos los d\u00edas, a la hora de prestar servicios, eso es lo que necesitamos. Porque si no vamos cada vez a una sociedad m\u00e1s segmentada&#8221;.<\/p>\n<\/div>\n<p><strong>Copyright La Politica Online SA 2023.<\/strong><br \/>Por favor no corte ni pegue en la web nuestras notas, tiene la posibilidad de redistribuirlas usando nuestras herramientas.<\/p>\n","protected":false},"excerpt":{"rendered":"<p> El presidente del PJ bonaerense, M\u00e1ximo Kirchner, particip\u00f3 de la presentaci\u00f3n de la lista que encabeza el camporista Juli\u00e1n \u00c1lvarez en la interna de Uni\u00f3n por la Patria de Lan\u00fas.  <\/p>\n","protected":false},"author":1,"featured_media":10973,"comment_status":"closed","ping_status":"closed","sticky":false,"template":"","format":"standard","meta":[],"categories":[18],"tags":[],"_links":{"self":[{"href":"https:\/\/latecordoba.com\/index.php\/wp-json\/wp\/v2\/posts\/10972"}],"collection":[{"href":"https:\/\/latecordoba.com\/index.php\/wp-json\/wp\/v2\/posts"}],"about":[{"href":"https:\/\/latecordoba.com\/index.php\/wp-json\/wp\/v2\/types\/post"}],"author":[{"embeddable":true,"href":"https:\/\/latecordoba.com\/index.php\/wp-json\/wp\/v2\/users\/1"}],"replies":[{"embeddable":true,"href":"https:\/\/latecordoba.com\/index.php\/wp-json\/wp\/v2\/comments?post=10972"}],"version-history":[{"count":0,"href":"https:\/\/latecordoba.com\/index.php\/wp-json\/wp\/v2\/posts\/10972\/revisions"}],"wp:featuredmedia":[{"embeddable":true,"href":"https:\/\/latecordoba.com\/index.php\/wp-json\/wp\/v2\/media\/10973"}],"wp:attachment":[{"href":"https:\/\/latecordoba.com\/index.php\/wp-json\/wp\/v2\/media?parent=10972"}],"wp:term":[{"taxonomy":"category","embeddable":true,"href":"https:\/\/latecordoba.com\/index.php\/wp-json\/wp\/v2\/categories?post=10972"},{"taxonomy":"post_tag","embeddable":true,"href":"https:\/\/latecordoba.com\/index.php\/wp-json\/wp\/v2\/tags?post=10972"}],"curies":[{"name":"wp","href":"https:\/\/api.w.org\/{rel}","templated":true}]}}