{"id":10970,"date":"2023-07-04T19:34:03","date_gmt":"2023-07-04T19:34:03","guid":{"rendered":"https:\/\/www.eldiariodeturismo.com.ar\/?p=232440"},"modified":"2023-07-04T19:34:03","modified_gmt":"2023-07-04T19:34:03","slug":"ba-celebra-40-anos-de-democracia-un-evento-historico-en-plaza-de-mayo","status":"publish","type":"post","link":"https:\/\/latecordoba.com\/index.php\/2023\/07\/04\/ba-celebra-40-anos-de-democracia-un-evento-historico-en-plaza-de-mayo\/","title":{"rendered":"\u201cBA Celebra 40 a\u00f1os de democracia\u201d: un evento hist\u00f3rico en Plaza de Mayo"},"content":{"rendered":"\n<div class=\"_none block block-layout-builder block-field-blocknodearticlefield-summary\">\n<div class=\"content\">\n<h5 class=\"lead\"><strong>El s\u00e1bado 8 de julio de 14 a 20 horas se realizar\u00e1 un espect\u00e1culo multimedi\u00e1tico con m\u00e1s de 100 artistas en escena.<\/strong><\/h5>\n<\/p><\/div>\n<\/div>\n<figure class=\"wp-block-embed is-type-video is-provider-youtube wp-block-embed-youtube wp-embed-aspect-16-9 wp-has-aspect-ratio\">\n<div class=\"wp-block-embed__wrapper\">\n<div class=\"fitvids-video\"><iframe loading=\"lazy\" title=\"BA Celebra 40 a\u00f1os de democracia\" width=\"800\" height=\"450\" src=\"https:\/\/www.youtube.com\/embed\/piIbnB25bBw?feature=oembed\" frameborder=\"0\" allow=\"accelerometer; autoplay; clipboard-write; encrypted-media; gyroscope; picture-in-picture; web-share\" allowfullscreen>[embedded content]<\/iframe><\/div>\n<\/div>\n<\/figure>\n<p>El Gobierno de la Ciudad, mediante el Ministerio de Cultura, realizar\u00e1 el s\u00e1bado 8 de julio de 14 a 20 horas en Plaza de Mayo y sus inmediaciones:&nbsp;<strong>\u201cBA Celebra 40 a\u00f1os de democracia\u201d<\/strong>, un evento que recorrer\u00e1 d\u00e9cada por d\u00e9cada nuestra historia invitando al p\u00fablico a recordar, conciliar y encontrarse. Se trata de una celebraci\u00f3n que contempla varias actividades durante el d\u00eda y que tendr\u00e1 como cierre un show central que impulsar\u00e1 el encuentro creativo, art\u00edstico e inspirador entre artistas de diversas generaciones que fueron, son y ser\u00e1n parte esencial de la cultura argentina.<\/p>\n<blockquote>\n<h5><a title=\"Conoc\u00e9 toda la programaci\u00f3n\" href=\"https:\/\/vivamoscultura.buenosaires.gob.ar\/contenido\/38151-BA-Celebra-40-aos-de-Democracia?shareToken=20bee654-7\" target=\"_blank\" rel=\"noopener\">Conoc\u00e9 toda la programaci\u00f3n<\/a><\/h5>\n<\/blockquote>\n<p>El&nbsp;<strong>espect\u00e1culo central comenzar\u00e1 a las 18<\/strong>&nbsp;y estar\u00e1 dirigido por&nbsp;<strong>Ricky Pashkus<\/strong>, \u00edcono del teatro musical, y&nbsp;<strong>Pich\u00f3n Baldinu<\/strong>, referente y pionero del teatro a\u00e9reo, un d\u00fao interdisciplinar \u00fanico. El show incluye proyecciones audiovisuales, danzas a\u00e9reas, urbanas, folklore, m\u00fasica, humor, teatro y la presencia de grandes artistas de todas las \u00e9pocas. Una propuesta de alto impacto que invita a todos los argentinos a estar juntos y rememorar la historia vivida d\u00e9cada por d\u00e9cada. El mismo contar\u00e1 con&nbsp;<strong>m\u00e1s de 100 artistas en escena<\/strong>, m\u00e1s de 40 bailarines a\u00e9reos, una orquesta de 25 m\u00fasicos en vivo y los artistas invitados referentes de la cultura:&nbsp;<strong>Hilda Lizarazu, Mario Pergolini, Gladys \u201cLa Bomba Tucumana\u201d, Moria Cas\u00e1n, Poncho, Fer Dente, Jos\u00e9 Mar\u00eda Muscari, Flor Vigna y Mariana Genesio Pe\u00f1a.<\/strong><\/p>\n<p><img decoding=\"async\" loading=\"lazy\" class=\"aligncenter wp-image-232443 size-full\" src=\"http:\/\/latecordoba.com\/wp-content\/uploads\/2023\/07\/ba-celebra-40-anos-de-democracia-un-evento-historico-en-plaza-de-mayo.jpg\" alt width=\"500\" height=\"286\" srcset=\"http:\/\/latecordoba.com\/wp-content\/uploads\/2023\/07\/ba-celebra-40-anos-de-democracia-un-evento-historico-en-plaza-de-mayo.jpg 500w, https:\/\/www.eldiariodeturismo.com.ar\/wp-content\/uploads\/2023\/07\/BA-Celebra-40-anos-de-democracia2-300x172.jpg 300w\" sizes=\"(max-width: 500px) 100vw, 500px\"><\/p>\n<p>Se trata de un <strong>show que recorrer\u00e1 cada d\u00e9cada, desde el retorno a la democracia en 1983<\/strong>, a trav\u00e9s de&nbsp;<strong>diferentes niveles multimedi\u00e1ticos<\/strong>&nbsp;los momentos culturales, cient\u00ed\ufb01cos, y deportivos m\u00e1s sobresalientes. Evocando con bailes los ambientes que se viv\u00edan en cada una de esas \u00e9pocas. Contar\u00e1 con la presencia de grupos folkl\u00f3ricos, que viajar\u00e1n desde otras provincias especialmente para este show, siendo alrededor de&nbsp;<strong>250 bailarines<\/strong>, re\ufb02ejando as\u00ed el&nbsp;<strong>federalismo<\/strong>&nbsp;que nos convoca. Y buscando celebrar la uni\u00f3n de todos los argentinos desde 1983 a la actualidad evocando un futuro mejor.<\/p>\n<blockquote>\n<h5>El espect\u00e1culo podr\u00e1 ser seguido a trav\u00e9s de<strong>&nbsp;<a title=\"Vivamos Cultura\" href=\"https:\/\/vivamoscultura.buenosaires.gob.ar\/\" target=\"_blank\" rel=\"noopener\">Vivamos Cultura<\/a><\/strong><\/h5>\n<\/blockquote>\n<p>En la previa, ubicados sobre la Av. de Mayo, la Av. Roque Saenz Pe\u00f1a (Diagonal Norte) y la Av. Julio Argentino Roca (Diagonal Sur), entre Bol\u00edvar y Maip\u00fa, habr\u00e1: espacios de juego y educativos para ni\u00f1os y j\u00f3venes; una posta del Pase Cultural con DJs en vivo, pistas de baile con temas que recorrer\u00e1n las 4 d\u00e9cadas de la democracia y la \ufb01esta Polenta; un stand de maquillajes art\u00edsticos patri\u00f3ticos; escenarios con artistas itinerantes representativos de toda la argentina; m\u00fasica en vivo; un foro estudiantil; serigraf\u00edas; talleres para ni\u00f1os; foodtrucks y livings con charlas a cargo de referentes de la cultura. Las mismas girar\u00e1n en torno al cine, el rock, la literatura, y los medios, entre otros, siempre relacionados con la democracia. Algunas de las personalidades que ser\u00e1n parte de las mismas son&nbsp;<strong>Mariana Enriquez, Selva Almada, Marcelo Pi\u00f1eyro, Juan Ingaramo, Tom\u00e1s Borovinsky, Franco Torchia, Pablo Sirven, y Liliana Franco<\/strong>&nbsp;entre otros.<\/p>\n<blockquote>\n<h5><strong><span lang=\"ES\" xml:lang=\"ES\">Si&nbsp;llueve&nbsp;se&nbsp;reprograma&nbsp;para&nbsp;el&nbsp;9&nbsp;de&nbsp;julio.<\/span><\/strong><\/h5>\n<\/blockquote>\n<p>Adem\u00e1s, habr\u00e1 activaciones de Turismo, Educaci\u00f3n, Derechos Humanos, Gastronom\u00eda, Espacio P\u00fablico e Higiene Urbana entre otras \u00e1reas de gobierno. Y&nbsp;<strong>Radio Ciudad<\/strong>&nbsp;transmitir\u00e1 desde su estudio m\u00f3vil.<\/p>\n<p><img decoding=\"async\" loading=\"lazy\" class=\"aligncenter wp-image-232444 size-full\" src=\"http:\/\/latecordoba.com\/wp-content\/uploads\/2023\/07\/ba-celebra-40-anos-de-democracia-un-evento-historico-en-plaza-de-mayo-1.jpg\" alt width=\"500\" height=\"286\" srcset=\"http:\/\/latecordoba.com\/wp-content\/uploads\/2023\/07\/ba-celebra-40-anos-de-democracia-un-evento-historico-en-plaza-de-mayo-3.jpg 500w, https:\/\/www.eldiariodeturismo.com.ar\/wp-content\/uploads\/2023\/07\/BA-Celebra-40-anos-de-democracia1-300x172.jpg 300w\" sizes=\"(max-width: 500px) 100vw, 500px\"><\/p>\n<p><strong>DIAGONAL SUR<\/strong><\/p>\n<p>\u25cf 14 horas \u2013 Escenario- Acto de apertura: abanderados de escuelas de la Ciudad des\ufb01lan por Diagonal Sur y entonan el himno nacional (en conjunto con el Ministerio de Educaci\u00f3n del GCBA).<br \/>\u25cf 14 horas \u2013 Living 1 \u2013 Charla sobre \u201cMedios y Democracia\u201d: Pablo Sirven, Liliana Franco, Diego Iglesias, Natal\u00ed Schejtman y Mercedes Funes.<br \/>\u25cf 14.30 horas \u2013 Escenario: Revancha de gauchos (espect\u00e1culo de folclore).<br \/>\u25cf 14 a 17 horas \u2013 Foro debate de estudiantes de secundario \u2013 Actividad en conjunto con Ministerio de Educaci\u00f3n del GCBA.<br \/>\u25cf 15 horas- Living 1- Charla sobre \u201cLiteratura. y democracia\u201d : Mariana Enriquez, Florencia Ure, Selva Almada. Horacio Convertini.<br \/>\u25cf 15.20 horas \u2013 Escenario. Tekato 31 y beat style (en conjunto con la UPE Barrio Padre Carlos Mugica).<br \/>\u25cf 15 a 17 horas \u2013 Artistas itinerantes.<br \/>\u25cf 16 horas \u2013 Living &nbsp;1 \u201cCine y Democracia\u201d: Marcelo Pi\u00f1eyro, Alejandro Maci, Jazmin Stuart , Gabriela Radice.<br \/>\u25cf 16.10 horas \u2013 Escenario. PBC muestra de canto y danza.<br \/>\u25cf 17 horas Living 1 \u201cRock y Democracia\u201d: Juan Ingaramo, Andy Cherniavsky, Lula Bertoldi (Eruca Sativa), Humphrey Inzillo.<br \/>\u25cf 17.10 horas \u2013 Escenario. Despelotango (espect\u00e1culo de tango)<\/p>\n<p><img decoding=\"async\" loading=\"lazy\" class=\"aligncenter wp-image-232442 size-full\" src=\"http:\/\/latecordoba.com\/wp-content\/uploads\/2023\/07\/ba-celebra-40-anos-de-democracia-un-evento-historico-en-plaza-de-mayo-2.jpg\" alt width=\"500\" height=\"286\" srcset=\"http:\/\/latecordoba.com\/wp-content\/uploads\/2023\/07\/ba-celebra-40-anos-de-democracia-un-evento-historico-en-plaza-de-mayo-4.jpg 500w, https:\/\/www.eldiariodeturismo.com.ar\/wp-content\/uploads\/2023\/07\/BA-Celebra-40-anos-de-democracia3-300x172.jpg 300w\" sizes=\"(max-width: 500px) 100vw, 500px\"><\/p>\n<p><strong>DIAGONAL NORTE<\/strong><\/p>\n<p>\u25cf 14 horas \u2013 Living 2 \u201cEl rol de la memoria en la democracia\u201d: Florencia Battiti y Nora Hochbaum.<br \/>\u25cf 14 horas \u2013 Artistas itinerantes, Espacio l\u00fadico DDHH, Entur \u2013 Centro de Atenci\u00f3n al Turista M\u00f3vil. Pase Cultural, Pista de Baile + DJS que recorrer\u00e1n las 4 d\u00e9cadas del rock., Stand de maquillaje art\u00edstico.<br \/>\u25cf 15 horas. Taller de Hulas.<br \/>\u25cf 15 horas \u2013 Living 2 \u201cPresentaci\u00f3n libro Im\u00e1genes con historia \u2013 Parque de la Memoria\u201d: Luis Diego Fernandez, Ines Palacios, Guillermo Cruces, Tom\u00e1s Borovinsky.<br \/>\u25cf 16 horas \u2013 Living 2 \u201c Refugiados en Argentina\u201d: Rigoberto Lobo, Jean Haitiana Snyire , Carolina Amoroso.<br \/>\u25cf 17 horas \u2013 Living 2 \u201cInternet y derechos\u201d: Franco Torchia , Ariel Seidler, Ana Kuo.<br \/>\u25cf 17 horas \u2013 Stand de Pase Cultural \u2013 Fiesta Polenta.<\/p>\n<p><strong>AV DE MAYO&nbsp;&nbsp;<\/strong><\/p>\n<p>\u25cf 18 horas. Escenario central.&nbsp;<strong>Show de \u201cBA Celebra los 40 a\u00f1os de Democracia\u201d.<\/strong><\/p>\n<p>.<\/p>\n<p>FUENTE: GOBIERNO DE LA CIUDAD DE BUENOS AIRES<\/p>\n","protected":false},"excerpt":{"rendered":"<p> El s\u00e1bado 8 de julio de 14 a 20 horas se realizar\u00e1 un espect\u00e1culo multimedi\u00e1tico con m\u00e1s de 100 artistas  <\/p>\n","protected":false},"author":1,"featured_media":10971,"comment_status":"open","ping_status":"closed","sticky":false,"template":"","format":"standard","meta":[],"categories":[19],"tags":[],"_links":{"self":[{"href":"https:\/\/latecordoba.com\/index.php\/wp-json\/wp\/v2\/posts\/10970"}],"collection":[{"href":"https:\/\/latecordoba.com\/index.php\/wp-json\/wp\/v2\/posts"}],"about":[{"href":"https:\/\/latecordoba.com\/index.php\/wp-json\/wp\/v2\/types\/post"}],"author":[{"embeddable":true,"href":"https:\/\/latecordoba.com\/index.php\/wp-json\/wp\/v2\/users\/1"}],"replies":[{"embeddable":true,"href":"https:\/\/latecordoba.com\/index.php\/wp-json\/wp\/v2\/comments?post=10970"}],"version-history":[{"count":0,"href":"https:\/\/latecordoba.com\/index.php\/wp-json\/wp\/v2\/posts\/10970\/revisions"}],"wp:featuredmedia":[{"embeddable":true,"href":"https:\/\/latecordoba.com\/index.php\/wp-json\/wp\/v2\/media\/10971"}],"wp:attachment":[{"href":"https:\/\/latecordoba.com\/index.php\/wp-json\/wp\/v2\/media?parent=10970"}],"wp:term":[{"taxonomy":"category","embeddable":true,"href":"https:\/\/latecordoba.com\/index.php\/wp-json\/wp\/v2\/categories?post=10970"},{"taxonomy":"post_tag","embeddable":true,"href":"https:\/\/latecordoba.com\/index.php\/wp-json\/wp\/v2\/tags?post=10970"}],"curies":[{"name":"wp","href":"https:\/\/api.w.org\/{rel}","templated":true}]}}