{"id":10958,"date":"2023-07-04T10:11:20","date_gmt":"2023-07-04T10:11:20","guid":{"rendered":"https:\/\/viapais.com.ar\/rosario\/el-tiempo-en-rosario-se-aleja-del-clima-de-invierno-en-un-martes-espeso\/"},"modified":"2023-07-04T10:11:20","modified_gmt":"2023-07-04T10:11:20","slug":"el-tiempo-en-rosario-se-aleja-del-clima-de-invierno-en-un-martes-espeso","status":"publish","type":"post","link":"https:\/\/latecordoba.com\/index.php\/2023\/07\/04\/el-tiempo-en-rosario-se-aleja-del-clima-de-invierno-en-un-martes-espeso\/","title":{"rendered":"El tiempo en Rosario se aleja del clima de invierno en un martes espeso"},"content":{"rendered":"<br \/>\n<section readability=\"30.506963788301\">\n<p>En los \u00faltimos d\u00edas, el invierno se tom\u00f3 licencia en Rosario. Fuera de sinton\u00eda con el clima de la estaci\u00f3n, <b>el tiempo cruz\u00f3 a la vereda de la primavera<\/b> y sigue subiendo la temperatura. As\u00ed, el pron\u00f3stico anticipa un martes espeso y templado, aunque la lluvia quiz\u00e1s tarde unas horas m\u00e1s en llegar.<\/p>\n<article class=\"article card \">\n<div class=\"article-inner \">\n<div class=\"article-image \"><a href=\"https:\/\/viapais.com.ar\/rosario\/el-tiempo-en-rosario-se-desmarca-del-clima-de-invierno-este-domingo\/\" title=\"Puente Rosario-Victoria\"><\/p>\n<figure><picture><img decoding=\"async\" alt=\"Puente Rosario-Victoria\" class=\"lazyload block \" loading=\"lazy\" src=\"http:\/\/latecordoba.com\/wp-content\/uploads\/2023\/07\/el-tiempo-en-rosario-se-aleja-del-clima-de-invierno-en-un-martes-espeso.png\" sizes=\"auto\" data-src=\"https:\/\/viapais.com.ar\/resizer\/Abgvd-CdSBjMWXHjiQ6rgyRZdtE=\/307x173\/smart\/filters:quality(75):format(webp)\/cloudfront-us-east-1.images.arcpublishing.com\/grupoclarin\/XFXRAUJKSJHZ3FLM2H7JBVBXZ4.jpg\" width=\"307px\" fetchpriority=\"low\" height=\"173px\"><\/picture><\/figure>\n<p><\/a><\/div>\n<\/div>\n<\/article>\n<p>La jornada empez\u00f3 <b>sin rastros de sol, much\u00edsima humedad y viento leve desde el este<\/b>. A primera hora se regist\u00f3r una temperatura de 17 grados y no se reportaron problemas de tr\u00e1nsito en las rutas, ya que la visibilidad era normal.<\/p>\n<h2 class><b>\u00bfC\u00f3mo estar\u00e1 el tiempo en Rosario el martes 4 de julio?<\/b><\/h2>\n<p>De acuerdo a datos del Servicio Meteorol\u00f3gico Nacional (SMN), <b>las nubes se adue\u00f1an de Rosario<\/b> este martes. Durante la ma\u00f1ana pueden generarse bancos neblina en algunos puntos de la regi\u00f3n y no habr\u00e1 que preocuparse por el abrigo.<\/p>\n<p>El pron\u00f3stico anticipa una&nbsp;<b>m\u00e1xima de 24 grados<\/b>&nbsp;en la ciudad. Pasado el mediod\u00eda se espera otra tarde con sol a cuentagotas. A su vez, el viento desde el norte puede llegar a superar los 20 kil\u00f3metros por hora.<\/p>\n<p>El panorama del resto de la semana no es nada alentador. Seg\u00fan inform\u00f3 el SMN, este mi\u00e9rcoles hay bajas chances de <b>lluvias aisladas sobre Rosario<\/b>. Al d\u00eda siguiente asoma algujna posibilidad de tormentas y reci\u00e9n el viernes se prev\u00e9 que mejore el tiempo. En paralelo, anticipan un descenso progresivo de temperatura.<\/p>\n<\/section>\n<div class=\"noreadme-audima\">\n<h2>Temas Relacionados<\/h2>\n<\/div>\n","protected":false},"excerpt":{"rendered":"<p>En los \u00faltimos d\u00edas, el invierno se tom\u00f3 licencia en Rosario. Fuera de sinton\u00eda con el clima de la estaci\u00f3n, el tiempo cruz\u00f3 a la vereda de la primavera y sigue subiendo la temperatura. As\u00ed, el pron\u00f3stico anticipa un martes espeso y templado, aunque la lluvia quiz\u00e1s tarde unas horas m\u00e1s en llegar. La jornada [&hellip;]<\/p>\n","protected":false},"author":1,"featured_media":10959,"comment_status":"closed","ping_status":"closed","sticky":false,"template":"","format":"standard","meta":[],"categories":[15],"tags":[],"_links":{"self":[{"href":"https:\/\/latecordoba.com\/index.php\/wp-json\/wp\/v2\/posts\/10958"}],"collection":[{"href":"https:\/\/latecordoba.com\/index.php\/wp-json\/wp\/v2\/posts"}],"about":[{"href":"https:\/\/latecordoba.com\/index.php\/wp-json\/wp\/v2\/types\/post"}],"author":[{"embeddable":true,"href":"https:\/\/latecordoba.com\/index.php\/wp-json\/wp\/v2\/users\/1"}],"replies":[{"embeddable":true,"href":"https:\/\/latecordoba.com\/index.php\/wp-json\/wp\/v2\/comments?post=10958"}],"version-history":[{"count":0,"href":"https:\/\/latecordoba.com\/index.php\/wp-json\/wp\/v2\/posts\/10958\/revisions"}],"wp:featuredmedia":[{"embeddable":true,"href":"https:\/\/latecordoba.com\/index.php\/wp-json\/wp\/v2\/media\/10959"}],"wp:attachment":[{"href":"https:\/\/latecordoba.com\/index.php\/wp-json\/wp\/v2\/media?parent=10958"}],"wp:term":[{"taxonomy":"category","embeddable":true,"href":"https:\/\/latecordoba.com\/index.php\/wp-json\/wp\/v2\/categories?post=10958"},{"taxonomy":"post_tag","embeddable":true,"href":"https:\/\/latecordoba.com\/index.php\/wp-json\/wp\/v2\/tags?post=10958"}],"curies":[{"name":"wp","href":"https:\/\/api.w.org\/{rel}","templated":true}]}}