{"id":10956,"date":"2023-07-03T14:01:17","date_gmt":"2023-07-03T14:01:17","guid":{"rendered":"https:\/\/www.vitonica.com\/eventos\/paul-mescal-se-prepara-gimnasio-para-ponerse-armadura-gladiator-2"},"modified":"2023-07-03T14:01:17","modified_gmt":"2023-07-03T14:01:17","slug":"paul-mescal-se-prepara-en-el-gimnasio-para-ponerse-la-armadura-en-gladiator-2","status":"publish","type":"post","link":"https:\/\/latecordoba.com\/index.php\/2023\/07\/03\/paul-mescal-se-prepara-en-el-gimnasio-para-ponerse-la-armadura-en-gladiator-2\/","title":{"rendered":"Paul Mescal se prepara en el gimnasio para ponerse la armadura en Gladiator 2"},"content":{"rendered":"\n<p><em>Gladiator <\/em>es una de las pel\u00edculas que pr\u00e1cticamente todo el mundo conoce. Veinte a\u00f1os despu\u00e9s de una de las pel\u00edculas m\u00e1s exitosas del cine mundial, la secuela est\u00e1 en marcha. Paul Mescal ser\u00e1 el nuevo protagonista en la arena de <em>Gladiator 2,<\/em> y aunque \u00e9l revel\u00f3 que no iba a mostrar su proceso de entrenamiento para su personaje, un <strong>v\u00eddeo en el que podemos verle entrenando se ha hecho viral<\/strong> en los \u00faltimos d\u00edas.&nbsp;<\/p>\n<p><!-- BREAK 1 --><\/p>\n<h2>Paul Mescal se prepara para ponerse la armadura en <em>Gladiator 2<\/em><\/h2>\n<p>Paul Mescal es uno de los <strong>nombres propios que suenan con fuerza en la actualidad<\/strong> por la serie <em>Normal People<\/em>, y por la reciente nominaci\u00f3n al Oscar por la pel\u00edcula <em>Aftersun<\/em>. A otros \u00e9xitos como <em>La hija oscura<\/em>, el actor irland\u00e9s debe a\u00f1adir su papel protagonista en <em>Gladiator 2<\/em>.<\/p>\n<p><!-- BREAK 2 --><\/p>\n<div class=\"article-asset article-asset-normal article-asset-center\">\n<div class=\"desvio-container\">\n<div class=\"desvio\">\n<div class=\"desvio-figure js-desvio-figure\"> <a href=\"https:\/\/www.vitonica.com\/eventos\/david-corenswet-nuevo-superman-asi-deberan-ser-sus-entrenamientos-a-partir-ahora\"> <img decoding=\"async\" alt=\"David Corenswet sustituye a Henry Cavill como Superman: as\u00ed ser\u00e1n sus entrenamientos y dieta para enfundase en el traje de superh\u00e9roe\" src=\"http:\/\/latecordoba.com\/wp-content\/uploads\/2023\/07\/paul-mescal-se-prepara-en-el-gimnasio-para-ponerse-la-armadura-en-gladiator-2.webp\" onerror=\"this.src=&quot;https:\/\/i.blogs.es\/d21da2\/300064252_3230798703861224_88284\/375_142.jpeg&quot;\"> <\/a> <\/div>\n<\/p><\/div>\n<\/p><\/div>\n<\/div>\n<p>El cuerpo de un gladiador debe tener una composici\u00f3n con gran masa muscular y poca grasa, y en ese proceso de encuentra Paul Mescal, intentando <strong>darle m\u00e1s volumen a su musculatura<\/strong>.<\/p>\n<p><!-- BREAK 3 --><\/p>\n<h3><strong>Paul Mescal entrena para convertirse en <\/strong>Lucius<\/h3>\n<div class=\"article-asset-video article-asset-normal\">\n<div class=\"asset-content\">\n<p> <iframe loading=\"lazy\" width=\"650\" height=\"366\" src=\"\/\/www.youtube.com\/embed\/gT5jR6i04no\" allowfullscreen>[embedded content]<\/iframe> <\/p>\n<\/p><\/div>\n<\/div>\n<p>En el v\u00eddeo que se ha viralizado los \u00faltimos d\u00edas, el actor que interpretar\u00e1 a Lucius adulto, el hijo de Lucilla y sobrino de C\u00f3modo que ya ha crecido, aparece <strong>realizando unos remos al ment\u00f3n con mancuernas<\/strong>. Al ejercitarse sin camiseta deja ver su gran base muscular con la que llenar\u00e1 su armadura en la pel\u00edcula.&nbsp;<\/p>\n<p><!-- BREAK 4 --> <\/p>\n<p>Este v\u00eddeo es de lo poco que podremos ver del actor en su entrenamiento para Gladiator 2, ya que <a href=\"https:\/\/screenrant.com\/gladiator-2-paul-mescal-wont-discuss-workout-routine\/\">\u00e9l mismo expuso que no compartir\u00eda el proceso<\/a>. La explicaci\u00f3n es que el irland\u00e9s cree que <strong>tiende a ponerse el foco en la apariencia f\u00edsica de un actor<\/strong>, pero el quiere que su personaje irradie honestidad, m\u00e1s all\u00e1 del f\u00edsico.&nbsp;<\/p>\n<p><!-- BREAK 5 --><\/p>\n<p>Sus <strong>palabras exactas<\/strong> por las que no vamos a ver mucho m\u00e1s de sus entrenamientos fueron: c<em>on pel\u00edculas como esta y pel\u00edculas de superh\u00e9roes, a veces hay un enfoque en eso, lo que no me parece tan interesante. Por supuesto, se requiere una robustez f\u00edsica para el personaje, pero m\u00e1s all\u00e1 de eso, no estoy interesado.&nbsp;<\/em><\/p>\n<p><!-- BREAK 6 --><\/p>\n<p><em>Este tipo tiene que pelear y tiene que ser una bestia. Y lo que sea que se vea y se sienta bien para m\u00ed, es lo que va a ser. A veces veo pel\u00edculas y pienso: &#8220;Esa persona no parece real&#8221;.<\/em><\/p>\n<p><!-- BREAK 7 --><\/p>\n<p>En Vit\u00f3nica | <a href=\"https:\/\/www.vitonica.com\/alimentos\/modesto-desayuno-michael-douglas-para-celebrar-dia-padre-que-se-ha-viralizado\">El impresionante desayuno de Michael Douglas y su familia que ha dado la vuelta al mundo<\/a><\/p>\n<p><!-- BREAK 8 --><\/p>\n<p>Im\u00e1genes |<em> <\/em><a href=\"http:\/\/images.gtresnews.com\/es\/asset\/id\/8486851\/u530268\/fromSearch\/1\/initiatorAction\/fullTextSearch\/mosaicCount\/23\/thumbIndex\/1\">Gtres<\/a><\/p>\n<p><!-- BREAK 9 -->  <\/p>\n","protected":false},"excerpt":{"rendered":"\n<p> <img decoding=\"async\" src=\"http:\/\/latecordoba.com\/wp-content\/uploads\/2023\/07\/paul-mescal-se-prepara-en-el-gimnasio-para-ponerse-la-armadura-en-gladiator-2.jpg\" alt=\"Paul Mescal se prepara en el gimnasio para ponerse la armadura en Gladiator 2 \"> <\/p>\n<p><em>Gladiator <\/em>es una de las pel\u00edculas que pr\u00e1cticamente todo el mundo conoce. Veinte a\u00f1os despu\u00e9s de una de las pel\u00edculas m\u00e1s exitosas del cine mundial, la secuela est\u00e1 en marcha. Paul Mescal ser\u00e1 el nuevo protagonista en la arena de <em>Gladiator 2,<\/em> y aunque \u00e9l revel\u00f3 que no iba a mostrar su proceso de entrenamiento para su personaje, un <strong>v\u00eddeo en el que podemos verle entrenando se ha hecho viral<\/strong> en los \u00faltimos d\u00edas.&nbsp;<\/p>\n<p><!-- BREAK 1 --><\/p>\n<h2>Paul Mescal se prepara para ponerse la armadura en <em>Gladiator 2<\/em><\/h2>\n<div class=\"instagram-media-container\"> <iframe loading=\"lazy\" width=\"320\" height=\"320\" frameBorder=\"0\" src=\"https:\/\/www.instagram.com\/p\/CuCNIxMrj9Y\/embed\" frameborder=\"0\"><\/iframe>\n<\/div>\n<p><script> window._JS_MODULES = window._JS_MODULES || {}; _JS_MODULES.instagram = true;\n<\/script><\/p>\n<p>Paul Mescal es uno de los <strong>nombres propios que suenan con fuerza en la actualidad<\/strong> por la serie <em>Normal People<\/em>, y por la reciente nominaci\u00f3n al Oscar por la pel\u00edcula <em>Aftersun<\/em>. A otros \u00e9xitos como <em>La hija oscura<\/em>, el actor irland\u00e9s debe a\u00f1adir su papel protagonista en <em>Gladiator 2<\/em>.<\/p>\n<p><!-- BREAK 2 --><\/p>\n<div class=\"article-asset article-asset-normal article-asset-center\">\n<div class=\"desvio-container\">\n<div class=\"desvio\">\n<div class=\"desvio-figure js-desvio-figure\"> <a href=\"https:\/\/www.vitonica.com\/eventos\/david-corenswet-nuevo-superman-asi-deberan-ser-sus-entrenamientos-a-partir-ahora\" > <img decoding=\"async\" alt=\"David&#x20;Corenswet&#x20;sustituye&#x20;a&#x20;Henry&#x20;Cavill&#x20;como&#x20;Superman&#x3A;&#x20;as&#x00ED;&#x20;ser&#x00E1;n&#x20;sus&#x20;entrenamientos&#x20;y&#x20;dieta&#x20;para&#x20;enfundase&#x20;en&#x20;el&#x20;traje&#x20;de&#x20;superh&#x00E9;roe\" src=\"http:\/\/latecordoba.com\/wp-content\/uploads\/2023\/07\/paul-mescal-se-prepara-en-el-gimnasio-para-ponerse-la-armadura-en-gladiator-2.webp\" onerror='this.src=\"https:\/\/i.blogs.es\/d21da2\/300064252_3230798703861224_88284\/375_142.jpeg\"'> <\/a> <\/div>\n<div class=\"desvio-summary\">\n<div class=\"desvio-taxonomy js-desvio-taxonomy\"> <a href=\"https:\/\/www.vitonica.com\/eventos\/david-corenswet-nuevo-superman-asi-deberan-ser-sus-entrenamientos-a-partir-ahora\" class=\"desvio-taxonomy-anchor\">En Vit\u00f3nica<\/a> <\/div>\n<p> <a href=\"https:\/\/www.vitonica.com\/eventos\/david-corenswet-nuevo-superman-asi-deberan-ser-sus-entrenamientos-a-partir-ahora\" class=\"desvio-title js-desvio-title\">David Corenswet sustituye a Henry Cavill como Superman: as\u00ed ser\u00e1n sus entrenamientos y dieta para enfundase en el traje de superh\u00e9roe<\/a> <\/div>\n<\/p><\/div>\n<\/p><\/div>\n<\/div>\n<p>El cuerpo de un gladiador debe tener una composici\u00f3n con gran masa muscular y poca grasa, y en ese proceso de encuentra Paul Mescal, intentando <strong>darle m\u00e1s volumen a su musculatura<\/strong>.<\/p>\n<p><!-- BREAK 3 --><\/p>\n<h3><strong>Paul Mescal entrena para convertirse en <\/strong>Lucius<\/h3>\n<div class=\"article-asset-video article-asset-normal\">\n<div class=\"asset-content\">\n<div class=\"base-asset-video\"> <iframe loading=\"lazy\" width=\"650\" height=\"366\" src=\"\/\/www.youtube.com\/embed\/gT5jR6i04no\" allowfullscreen><\/iframe> <\/div>\n<\/p><\/div>\n<\/div>\n<p>En el v\u00eddeo que se ha viralizado los \u00faltimos d\u00edas, el actor que interpretar\u00e1 a Lucius adulto, el hijo de Lucilla y sobrino de C\u00f3modo que ya ha crecido, aparece <strong>realizando unos remos al ment\u00f3n con mancuernas<\/strong>. Al ejercitarse sin camiseta deja ver su gran base muscular con la que llenar\u00e1 su armadura en la pel\u00edcula.&nbsp;<\/p>\n<p><!-- BREAK 4 --><\/p>\n<p>Este v\u00eddeo es de lo poco que podremos ver del actor en su entrenamiento para Gladiator 2, ya que <a href=\"https:\/\/screenrant.com\/gladiator-2-paul-mescal-wont-discuss-workout-routine\/\">\u00e9l mismo expuso que no compartir\u00eda el proceso<\/a>. La explicaci\u00f3n es que el irland\u00e9s cree que <strong>tiende a ponerse el foco en la apariencia f\u00edsica de un actor<\/strong>, pero el quiere que su personaje irradie honestidad, m\u00e1s all\u00e1 del f\u00edsico.&nbsp;<\/p>\n<p><!-- BREAK 5 --><\/p>\n<p>Sus <strong>palabras exactas<\/strong> por las que no vamos a ver mucho m\u00e1s de sus entrenamientos fueron: c<em>on pel\u00edculas como esta y pel\u00edculas de superh\u00e9roes, a veces hay un enfoque en eso, lo que no me parece tan interesante. Por supuesto, se requiere una robustez f\u00edsica para el personaje, pero m\u00e1s all\u00e1 de eso, no estoy interesado.&nbsp;<\/em><\/p>\n<p><!-- BREAK 6 --><\/p>\n<p><em>Este tipo tiene que pelear y tiene que ser una bestia. Y lo que sea que se vea y se sienta bien para m\u00ed, es lo que va a ser. A veces veo pel\u00edculas y pienso: &#8220;Esa persona no parece real&#8221;.<\/em><\/p>\n<p><!-- BREAK 7 --><\/p>\n<p>En Vit\u00f3nica | <a href=\"https:\/\/www.vitonica.com\/alimentos\/modesto-desayuno-michael-douglas-para-celebrar-dia-padre-que-se-ha-viralizado\">El impresionante desayuno de Michael Douglas y su familia que ha dado la vuelta al mundo<\/a><\/p>\n<p><!-- BREAK 8 --><\/p>\n<p>Im\u00e1genes |<em> <\/em><a href=\"http:\/\/images.gtresnews.com\/es\/asset\/id\/8486851\/u530268\/fromSearch\/1\/initiatorAction\/fullTextSearch\/mosaicCount\/23\/thumbIndex\/1\">Gtres<\/a><\/p>\n<p><!-- BREAK 9 --><script> (function() { window._JS_MODULES = window._JS_MODULES || {}; var headElement = document.getElementsByTagName('head')[0]; if (_JS_MODULES.instagram) { var instagramScript = document.createElement('script'); instagramScript.src = 'https:\/\/platform.instagram.com\/en_US\/embeds.js'; instagramScript.async = true; instagramScript.defer = true; headElement.appendChild(instagramScript); } })();\n<\/script> <\/p>\n<p> &#8211; <br \/> La noticia <a href=\"https:\/\/www.vitonica.com\/eventos\/paul-mescal-se-prepara-gimnasio-para-ponerse-armadura-gladiator-2?utm_source=feedburner&#038;utm_medium=feed&#038;utm_campaign=04_Jul_2023\"> <em> Paul Mescal se prepara en el gimnasio para ponerse la armadura en Gladiator 2 <\/em> <\/a> fue publicada originalmente en <a href=\"https:\/\/www.vitonica.com?utm_source=feedburner&#038;utm_medium=feed&#038;utm_campaign=04_Jul_2023\"> <strong> Vit\u00f3nica <\/strong> <\/a> por <a href=\"https:\/\/www.vitonica.com\/autor\/joaquin-vico?utm_source=feedburner&#038;utm_medium=feed&#038;utm_campaign=04_Jul_2023\"> Joaqu\u00edn Vico <\/a> . <\/p>\n","protected":false},"author":1,"featured_media":10957,"comment_status":"closed","ping_status":"closed","sticky":false,"template":"","format":"standard","meta":[],"categories":[16],"tags":[],"_links":{"self":[{"href":"https:\/\/latecordoba.com\/index.php\/wp-json\/wp\/v2\/posts\/10956"}],"collection":[{"href":"https:\/\/latecordoba.com\/index.php\/wp-json\/wp\/v2\/posts"}],"about":[{"href":"https:\/\/latecordoba.com\/index.php\/wp-json\/wp\/v2\/types\/post"}],"author":[{"embeddable":true,"href":"https:\/\/latecordoba.com\/index.php\/wp-json\/wp\/v2\/users\/1"}],"replies":[{"embeddable":true,"href":"https:\/\/latecordoba.com\/index.php\/wp-json\/wp\/v2\/comments?post=10956"}],"version-history":[{"count":0,"href":"https:\/\/latecordoba.com\/index.php\/wp-json\/wp\/v2\/posts\/10956\/revisions"}],"wp:featuredmedia":[{"embeddable":true,"href":"https:\/\/latecordoba.com\/index.php\/wp-json\/wp\/v2\/media\/10957"}],"wp:attachment":[{"href":"https:\/\/latecordoba.com\/index.php\/wp-json\/wp\/v2\/media?parent=10956"}],"wp:term":[{"taxonomy":"category","embeddable":true,"href":"https:\/\/latecordoba.com\/index.php\/wp-json\/wp\/v2\/categories?post=10956"},{"taxonomy":"post_tag","embeddable":true,"href":"https:\/\/latecordoba.com\/index.php\/wp-json\/wp\/v2\/tags?post=10956"}],"curies":[{"name":"wp","href":"https:\/\/api.w.org\/{rel}","templated":true}]}}