{"id":10944,"date":"2023-07-03T14:21:00","date_gmt":"2023-07-03T14:21:00","guid":{"rendered":"https:\/\/www.iprofesional.com\/health-tech\/384435-esta-vitamina-que-revitaliza-la-piel-y-combate-la-flacidez"},"modified":"2023-07-03T14:21:00","modified_gmt":"2023-07-03T14:21:00","slug":"esta-vitamina-que-revitaliza-la-piel-y-combate-la-flacidez-en-los-brazos-y-las-piernas","status":"publish","type":"post","link":"https:\/\/latecordoba.com\/index.php\/2023\/07\/03\/esta-vitamina-que-revitaliza-la-piel-y-combate-la-flacidez-en-los-brazos-y-las-piernas\/","title":{"rendered":"Esta vitamina que revitaliza la piel y combate la flacidez en los brazos y las piernas"},"content":{"rendered":"\n<div class=\"media_block\"><img decoding=\"async\" src=\"http:\/\/latecordoba.com\/wp-content\/uploads\/2023\/07\/esta-vitamina-que-revitaliza-la-piel-y-combate-la-flacidez-en-los-brazos-y-las-piernas.jpg\"><\/div>\n<div id>\n<p> Se trata de un antioxidante reconocido en el mercado y uno de los m\u00e1s potentes a la hora de actuar en el cuerpo. Conoc\u00e9 todos sus beneficios <\/p>\n<p>Por <strong>iProfesional<\/strong><\/p>\n<p><strong>03\/07\/2023<\/strong> &#8211; 11,21hs<\/p>\n<div class=\"image-container img-wide padding-b\"> <picture><source media=\"(min-width:650px)\" srcset=\"http:\/\/latecordoba.com\/wp-content\/uploads\/2023\/07\/esta-vitamina-que-revitaliza-la-piel-y-combate-la-flacidez-en-los-brazos-y-las-piernas.webp\" class=\"lazyload\"><source media=\"(min-width:465px)\" srcset=\"http:\/\/latecordoba.com\/wp-content\/uploads\/2023\/07\/esta-vitamina-que-revitaliza-la-piel-y-combate-la-flacidez-en-los-brazos-y-las-piernas.webp\" class=\"lazyload\"><img decoding=\"async\" loading=\"lazy\" src=\"http:\/\/latecordoba.com\/wp-content\/uploads\/2023\/07\/esta-vitamina-que-revitaliza-la-piel-y-combate-la-flacidez-en-los-brazos-y-las-piernas.webp\" class=\"lazyload\" alt=\"Esta vitamina que revitaliza la piel y combate la flacidez en los brazos y las piernas\" width=\"160\" height=\"714px\"> <\/picture> <\/div>\n<\/p><\/div>\n<div readability=\"117.61431411531\">\n<p>La <strong>piel <\/strong>es<a href=\"https:\/\/www.iprofesional.com\/actualidad\/384178-la-vitamina-ignorada-que-necesitamos-para-ganar-fuerza-muscular\" target=\"_blank\" rel=\"noopener\"> el \u00f3rgano m\u00e1s grande del cuerpo humano <\/a>y es uno de los que m\u00e1s atenci\u00f3n necesita debido a que recubre a todos los sistemas del organismo y en varias partes queda expuesta a las inclemencias del clima, la contaminaci\u00f3n, el trabajo y muchas m\u00e1s actividades y situaciones que los seres humanos enfrentan en el d\u00eda a d\u00eda, que cada vez puede ser m\u00e1s exigente.\n<\/p>\n<p>Es importante recurrir a los avances tecnol\u00f3gicos que ayudaron a reconocer cu\u00e1les son esos elementos existentes que le pueden dar una <strong>ayuda extra a la piel,<\/strong> para que ella misma pueda regenerarse y retrasar las inevitables se\u00f1ales de la edad y la vejez, manteniendo su firmeza, su brillo y hasta su tono de una forma matizada y homog\u00e9nea.\n<\/p>\n<p>Uno de los elementos que puede ayudar con este objetivo es la <strong>vitamina C<\/strong>, un antioxidante natural que tiene propiedades antioxidantes, anti radicales libres, efectos antiinflamatorios y un papel importante en la formaci\u00f3n de col\u00e1geno.\n<\/p>\n<p>Adem\u00e1s aporta efectos anti envejecimiento de la piel mejorando su <strong>luminosidad y textura<\/strong>, explican los doctores Robert Lutz y Elvira Noguera, especialistas en Dermatolog\u00eda.\n<\/p>\n<h2>C\u00f3mo obtener la vitamina C<\/h2>\n<p>Hay varias formas de poder tener esta vitamina, sin embargo, cada tipo tiene sus caracter\u00edsticas. Est\u00e1 la vitamina C pura que se conoce como<strong> \u00e1cido L-asc\u00f3rbico<\/strong>, cuya eficacia es 100% garantizada, pero puede llegar a ser inestable e irritante. Tambi\u00e9n hay otros derivados del ascorbato, ascorbil fosfato y dem\u00e1s, pero estos no son tan eficaces, a\u00fan siendo m\u00e1s f\u00e1ciles de conseguir. En los cosm\u00e9ticos tambi\u00e9n se encuentra esta vitamina, sin embargo, hay que cerciorarse que dicho producto contenga concentraciones entre el 5 y el 10%, para que en verdad surta efecto en la piel tal y como se desea.\n<\/p>\n<div class=\"imagen\" readability=\"7\"><img decoding=\"async\" loading=\"lazy\" class=\"lazyload\" src=\"http:\/\/latecordoba.com\/wp-content\/uploads\/2023\/07\/esta-vitamina-que-revitaliza-la-piel-y-combate-la-flacidez-en-los-brazos-y-las-piernas-1.jpg\" alt=\"La palta tiene vitamina C y varios beneficios\" width=\"880\" height=\"495\"><\/p>\n<p>La palta tiene vitamina C y varios beneficios<\/p>\n<\/div>\n<p>En tanto, la palta es un alimento que tiene muchos beneficios para la piel que son principalmente combatir las arrugas, la celulitis y las estr\u00edas, por ser rico en vitamina C, lo cual ayuda en la metabolizaci\u00f3n del col\u00e1geno. La palta es un producto con un alto contenido en<strong> prote\u00ednas, vitaminas y minerales,<\/strong> que son beneficiosos y que constituyen un gran aporte al pelo y la piel, ya que los restauran, fortalecen y suavizan.\n<\/p>\n<p>Seg\u00fan la revista Dermatolog\u00eda Revista Mexicana, la palta tiene cantidades altas de <strong>vitamina C<\/strong> y esto es un gran potenciador para rejuvenecer la dermis maltratada por la rutina diaria. Adem\u00e1s, en este alimento se pueden encontrar minerales como el hierro, potasio y cobre generadores de enzimas antioxidantes, necesarias para combatir el envejecimiento prematuro.\n<\/p>\n<h2>\u00bfCremas o ampollas?<\/h2>\n<p>La consulta de varias personas es acerca de qu\u00e9 es m\u00e1s beneficioso para nuestra piel, si las<strong> cremas<\/strong>, que adem\u00e1s contienen otros componentes, o las ampollas. Para los expertos, se pueden usar ambas cosas. &#8220;Las dos presentaciones son beneficiosas. &#8220;Actualmente la calidad de las cremas, s\u00e9rums y ampollas es muy buena&#8221;, revelaron Noguera y Lutz.\n<\/p>\n<p>La recomendaci\u00f3n de los dermat\u00f3logos pasa por aplicar la vitamina C una vez al d\u00eda por la ma\u00f1ana o dos veces al d\u00eda, ma\u00f1ana y noche. En tanto, advirtieron que, al tratarse de una sustancia fotosensible, es muy recomendable usar un fotoprotector durante el d\u00eda para evitar las manchas solares. Si, por el contrario, preferimos utilizarla de noche, Noguera y Lutz aconsejan &#8220;alguna crema con \u00e1cido glic\u00f3lico o \u00e1cido retinoico, que sigue siendo un tratamiento anti-edad muy interesante&#8221;.<\/p>\n<\/p><\/div>\n","protected":false},"excerpt":{"rendered":"\n<div class=\"media_block\"><img decoding=\"async\" src=\"http:\/\/latecordoba.com\/wp-content\/uploads\/2023\/07\/esta-vitamina-que-revitaliza-la-piel-y-combate-la-flacidez-en-los-brazos-y-las-piernas.jpg\"><\/div>\n<p> Se trata de un antioxidante reconocido en el mercado y uno de los m\u00e1s potentes a la hora de actuar en el cuerpo. Conoc\u00e9 todos sus beneficios <iframe width=\"0\" height=\"0\" border=\"0\"> <script> (function(i,s,o,g,r,a,m){i['GoogleAnalyticsObject']=r;i[r]=i[r]||function(){ (i[r].q=i[r].q||[]).push(arguments)},i[r].l=1*new Date();a=s.createElement(o), m=s.getElementsByTagName(o)[0];a.async=1;a.src=g;m.parentNode.insertBefore(a,m) })(window,document,'script','https:\/\/www.google-analytics.com\/analytics.js','ga'); ga('create', 'GTM-5LW5KQD', 'auto'); ga('require', 'displayfeatures'); ga('set', 'campaignSource', 'RSS Client for iProfesional'); ga('set', 'campaignMedium', 'RSS Client for iProfesional'); ga('set', {\"dataSource\": \"rss.atom.iprofesional.com\"}); ga('set', {\"referrer\": \"rss.atom.iprofesional.com\"}); ga('set', 'title', 'RSS Client for iProfesional'); ga('send', 'pageview'); <\/script> <!-- Begin comScore Tag --> <script> var _comscore = _comscore || []; _comscore.push({ c1: \"2\", c2: \"16597048\" }); (function() { var s = document.createElement(\"script\"), el = document.getElementsByTagName(\"script\")[0]; s.async = true; s.src = \"https:\/\/sb.scorecardresearch.com\/cs\/16597048\/beacon.js\"; el.parentNode.insertBefore(s, el); })(); <\/script> <noscript> <img decoding=\"async\" src=\"http:\/\/latecordoba.com\/wp-content\/uploads\/2023\/07\/esta-vitamina-que-revitaliza-la-piel-y-combate-la-flacidez-en-los-brazos-y-las-piernas.gif\"> <\/noscript> <!-- End comScore Tag --> <\/iframe> <iframe border=\"0px\" style=\"display: none\" width=0 height=0 src=\"https:\/\/www.iprofesional.com\/ga4.html?gtag_id=G-N13KWJP8BK&amp;title=Esta vitamina que revitaliza la piel y combate la flacidez en los brazos y las piernas&amp;location=https:\/\/www.iprofesional.com\/health-tech\/384435-esta-vitamina-que-revitaliza-la-piel-y-combate-la-flacidez&amp;referrer=rss.atom.iprofesional.com&amp;ci=RSS Client for iProfesional&amp;cs=RSS Client for iProfesional&amp;cm=RSS&amp;cn=RSS Client for iProfesional&amp;cc=RSS Client for iProfesional\"><\/iframe>  <\/p>\n","protected":false},"author":1,"featured_media":10945,"comment_status":"closed","ping_status":"closed","sticky":false,"template":"","format":"standard","meta":[],"categories":[18],"tags":[],"_links":{"self":[{"href":"https:\/\/latecordoba.com\/index.php\/wp-json\/wp\/v2\/posts\/10944"}],"collection":[{"href":"https:\/\/latecordoba.com\/index.php\/wp-json\/wp\/v2\/posts"}],"about":[{"href":"https:\/\/latecordoba.com\/index.php\/wp-json\/wp\/v2\/types\/post"}],"author":[{"embeddable":true,"href":"https:\/\/latecordoba.com\/index.php\/wp-json\/wp\/v2\/users\/1"}],"replies":[{"embeddable":true,"href":"https:\/\/latecordoba.com\/index.php\/wp-json\/wp\/v2\/comments?post=10944"}],"version-history":[{"count":0,"href":"https:\/\/latecordoba.com\/index.php\/wp-json\/wp\/v2\/posts\/10944\/revisions"}],"wp:featuredmedia":[{"embeddable":true,"href":"https:\/\/latecordoba.com\/index.php\/wp-json\/wp\/v2\/media\/10945"}],"wp:attachment":[{"href":"https:\/\/latecordoba.com\/index.php\/wp-json\/wp\/v2\/media?parent=10944"}],"wp:term":[{"taxonomy":"category","embeddable":true,"href":"https:\/\/latecordoba.com\/index.php\/wp-json\/wp\/v2\/categories?post=10944"},{"taxonomy":"post_tag","embeddable":true,"href":"https:\/\/latecordoba.com\/index.php\/wp-json\/wp\/v2\/tags?post=10944"}],"curies":[{"name":"wp","href":"https:\/\/api.w.org\/{rel}","templated":true}]}}