{"id":10940,"date":"2023-07-03T23:27:33","date_gmt":"2023-07-03T23:27:33","guid":{"rendered":"http:\/\/www.radiourbanasf.com.ar\/?p=17868"},"modified":"2023-07-03T23:27:33","modified_gmt":"2023-07-03T23:27:33","slug":"duki-en-river-comenzo-la-venta-de-entradas","status":"publish","type":"post","link":"https:\/\/latecordoba.com\/index.php\/2023\/07\/03\/duki-en-river-comenzo-la-venta-de-entradas\/","title":{"rendered":"Duki en River: comenz\u00f3 la venta de entradas"},"content":{"rendered":"\n<p>Luego de llenar cuatro V\u00e9lez, el cantante se \u201cmuda\u201d a N\u00fa\u00f1ez. Conoc\u00e9 todos los detalles.<\/p>\n<div readability=\"52\">\n<p>Ser\u00e1, sin dudas, uno de los eventos del a\u00f1o. Por eso los fans amanecieron tempranito para sumarse a la fila virtual y, luego de un buen rato de espera, tener la chance de comprar un ticket.<\/p>\n<p>\u00bfLos precios?&nbsp;<strong>La entrada m\u00e1s econ\u00f3mica es la de la platea S\u00edvori alta, que est\u00e1 a 9.500 pesos<\/strong>. Luego aparece el campo general a 15.000 pesos; las plateas S\u00edvori media y San Mart\u00edn y Belgrano alta a 17.500; el campo delantero a 22.500; y la platea preferencial San Mart\u00edn y Belgrano a 25.000 pesos.<\/p>\n<p>Ah, dos aclaraciones importantes. Por un lado,&nbsp;<strong>a todos esos valores hay que sumarles el service charge.<\/strong><\/p>\n<p>Y por el otro, el expendio comienza con una preventa exclusiva. Y&nbsp;una vez agotado el stock se dar\u00e1 comienzo autom\u00e1ticamente a la venta general.<\/p>\n<div class=\"marcoContenido\"><img decoding=\"async\" src=\"http:\/\/latecordoba.com\/wp-content\/uploads\/2023\/07\/duki-en-river-comenzo-la-venta-de-entradas.png\"><\/div>\n<\/div>\n","protected":false},"excerpt":{"rendered":"\n<div style=\"float:right;margin:0 0 20px 20px;\"><img decoding=\"async\" width=\"150\" height=\"150\" src=\"http:\/\/latecordoba.com\/wp-content\/uploads\/2023\/07\/duki-en-river-comenzo-la-venta-de-entradas.jpg\" class=\"attachment-thumbnail size-thumbnail wp-post-image\" alt=\"\" loading=\"lazy\" \/><\/div>\n<p>Luego de llenar cuatro V\u00e9lez, el cantante se &#8220;muda&#8221; a N\u00fa\u00f1ez. Conoc\u00e9 todos los detalles. No tiene techo. Duki anunci\u00f3 un mega show en el estadio de River\u00a0para el 2 de diciembre. Y\u00a0este viernes comenz\u00f3 la venta de entradas. Ser\u00e1, sin dudas, uno de los eventos del a\u00f1o. Por eso los fans amanecieron tempranito para &#8230;  <\/p>\n","protected":false},"author":1,"featured_media":10941,"comment_status":"closed","ping_status":"closed","sticky":false,"template":"","format":"standard","meta":[],"categories":[20],"tags":[],"_links":{"self":[{"href":"https:\/\/latecordoba.com\/index.php\/wp-json\/wp\/v2\/posts\/10940"}],"collection":[{"href":"https:\/\/latecordoba.com\/index.php\/wp-json\/wp\/v2\/posts"}],"about":[{"href":"https:\/\/latecordoba.com\/index.php\/wp-json\/wp\/v2\/types\/post"}],"author":[{"embeddable":true,"href":"https:\/\/latecordoba.com\/index.php\/wp-json\/wp\/v2\/users\/1"}],"replies":[{"embeddable":true,"href":"https:\/\/latecordoba.com\/index.php\/wp-json\/wp\/v2\/comments?post=10940"}],"version-history":[{"count":0,"href":"https:\/\/latecordoba.com\/index.php\/wp-json\/wp\/v2\/posts\/10940\/revisions"}],"wp:featuredmedia":[{"embeddable":true,"href":"https:\/\/latecordoba.com\/index.php\/wp-json\/wp\/v2\/media\/10941"}],"wp:attachment":[{"href":"https:\/\/latecordoba.com\/index.php\/wp-json\/wp\/v2\/media?parent=10940"}],"wp:term":[{"taxonomy":"category","embeddable":true,"href":"https:\/\/latecordoba.com\/index.php\/wp-json\/wp\/v2\/categories?post=10940"},{"taxonomy":"post_tag","embeddable":true,"href":"https:\/\/latecordoba.com\/index.php\/wp-json\/wp\/v2\/tags?post=10940"}],"curies":[{"name":"wp","href":"https:\/\/api.w.org\/{rel}","templated":true}]}}