{"id":1094,"date":"2023-02-14T12:27:17","date_gmt":"2023-02-14T12:27:17","guid":{"rendered":"https:\/\/www.puntal.com.ar\/the-challenge\/noche-explosiva-telefe-el-debut-the-challenge-y-la-salida-alfa-alcanzaron-numeros-historicos-n184704"},"modified":"2023-02-14T12:27:17","modified_gmt":"2023-02-14T12:27:17","slug":"noche-explosiva-para-telefe-el-debut-de-the-challenge-y-la-salida-de-alfa-alcanzaron-numeros-historicos","status":"publish","type":"post","link":"https:\/\/latecordoba.com\/index.php\/2023\/02\/14\/noche-explosiva-para-telefe-el-debut-de-the-challenge-y-la-salida-de-alfa-alcanzaron-numeros-historicos\/","title":{"rendered":"Noche explosiva para Telefe: el debut de The Challenge y la salida de Alfa alcanzaron n\u00fameros hist\u00f3ricos"},"content":{"rendered":"\n<div><img decoding=\"async\" src=\"http:\/\/latecordoba.com\/wp-content\/uploads\/2023\/02\/noche-explosiva-para-telefe-el-debut-de-the-challenge-y-la-salida-de-alfa-alcanzaron-numeros-historicos.jpg\" class=\"ff-og-image-inserted\"><\/div>\n<div class=\"cuerpo\" data-twitter-link readability=\"37.234955752212\">\n<p> En el primer programa, el conductor present\u00f3 a los competidores y tambi\u00e9n habl\u00f3 del premio que se llevar\u00e1 el participante que logre alzarse como campe\u00f3n de la primera emisi\u00f3n del reality original de MTV grabado en la Argentina.<\/p>\n<div contenteditable=\"false\" class=\"embed_cont type_freetext\" rel=\"freetext\" id=\"embed9591_wrap\" data-provider=\"YouTube\" readability=\"32\">\n<p> The Challenge Argentina: El desaf\u00c3o Season 1 Episode 1 | 2023 HD<span onclick=\"parent.parent.TinyMCETdcuerpo.preview_embed('embed9591')\" class=\"embed_colapse less\" id=\"embed9591_colapse\"><\/span><span onclick=\"parent.parent.TinyMCETdcuerpo.delete_embed('embed9591')\" class=\"embed_delete less\" id=\"embed9591_delete\"><\/span><\/p>\n<div id=\"embed9591_content\" class=\"embed_content\">\n<p> <iframe loading=\"lazy\" width=\"200\" height=\"113\" src=\"https:\/\/www.youtube.com\/embed\/R_hdDzx9sK4?feature=oembed\" frameborder=\"0\" allow=\"accelerometer; autoplay; clipboard-write; encrypted-media; gyroscope; picture-in-picture; web-share\" allowfullscreen title=\"The Challenge Argentina: El desaf\u00c3o Season 1 Episode 1 | 2023 HD\">[embedded content]<\/iframe><\/p>\n<\/p><\/div>\n<\/p><\/div>\n<p>En su noche de estreno, <strong>&#8216;The Challenge Argentina&#8217; <\/strong>tuvo picos de 23 puntos de rating y un promedio de 20, n\u00fameros que le dejaron un excelente piso a &#8216;Gran Hermano&#8217;, que con la participaci\u00f3n de <strong>Alfa<\/strong> -\u00faltimo eliminado del reality- tuvo la medici\u00f3n m\u00e1s alta de lo que va de programa.<\/p>\n<p>As\u00ed los reflejaron los medidores de Twitter:<\/p>\n<div contenteditable=\"false\" class=\"embed_cont type_freetext\" rel=\"freetext\" id=\"embed5969_wrap\" data-provider=\"Twitter\" readability=\"22.933333333333\">\n<p> https:\/\/twitter.com\/RealTimeRating\/status\/1625300680905834497<span onclick=\"parent.parent.TinyMCETdcuerpo.preview_embed('embed5969')\" class=\"embed_colapse less\" id=\"embed5969_colapse\"><\/span><span onclick=\"parent.parent.TinyMCETdcuerpo.delete_embed('embed5969')\" class=\"embed_delete less\" id=\"embed5969_delete\"><\/span><\/p>\n<\/p><\/div>\n<div contenteditable=\"false\" class=\"embed_cont type_freetext\" rel=\"freetext\" id=\"embed8184_wrap\" data-provider=\"Twitter\" readability=\"20.981132075472\">\n<p> https:\/\/twitter.com\/NachoRodriOk\/status\/1625328444841111552<span onclick=\"parent.parent.TinyMCETdcuerpo.preview_embed('embed8184')\" class=\"embed_colapse less\" id=\"embed8184_colapse\"><\/span><span onclick=\"parent.parent.TinyMCETdcuerpo.delete_embed('embed8184')\" class=\"embed_delete less\" id=\"embed8184_delete\"><\/span><\/p>\n<\/p><\/div>\n<div contenteditable=\"false\" class=\"embed_cont type_freetext\" rel=\"freetext\" id=\"embed9897_wrap\" data-provider=\"Twitter\" readability=\"23.646586345382\">\n<p> https:\/\/twitter.com\/MoskitaMuertaOk\/status\/1625300050980048897<span onclick=\"parent.parent.TinyMCETdcuerpo.preview_embed('embed9897')\" class=\"embed_colapse less\" id=\"embed9897_colapse\"><\/span><span onclick=\"parent.parent.TinyMCETdcuerpo.delete_embed('embed9897')\" class=\"embed_delete less\" id=\"embed9897_delete\"><\/span><\/p>\n<\/p><\/div>\n<p><strong>Finalmente, el debate con Alfa logr\u00f3 los n\u00fameros m\u00e1s altos en lo que va del reality.<\/strong><\/p>\n<p>El debate comenz\u00f3 con picos de m\u00e1s de 25 puntos, y poco a poco, en la conversaci\u00f3n \u00edntima con el participante m\u00e1s pol\u00e9mico del ciclo, fue superando incluso, las galas de nominaci\u00f3n y eliminaci\u00f3n.<\/p>\n<p><strong>&#8221; 27.9 <a dir=\"ltr\" href=\"https:\/\/twitter.com\/hashtag\/GRANHERMANO?src=hashtag_click\" role=\"link\" class=\"css-4rbku5 css-18t94o4 css-901oao css-16my406 r-1cvl2hr r-1loqt21 r-poiln3 r-bcqeeo r-1ny4l3l r-1ddef8g r-tjvw6i r-qvutc0\">#GRANHERMANO<\/a>&#8220;, <\/strong>inform\u00f3 la cuenta Plus Rating. Recordemos que este domingo, <strong>&#8220;Gran Hermano&#8221; tambi\u00e9n logr\u00f3 incre\u00edbles n\u00fameros. Sobre el avance del programa, este n\u00famero fue aumentando y lleg\u00f3 a los 28 puntos.<\/strong><\/p>\n<div contenteditable=\"false\" class=\"embed_cont type_freetext\" rel=\"freetext\" id=\"embed5723_wrap\" data-provider=\"Twitter\" readability=\"27.289340101523\">\n<p> https:\/\/twitter.com\/PlusRating\/status\/1625314872023040001<span onclick=\"parent.parent.TinyMCETdcuerpo.preview_embed('embed5723')\" class=\"embed_colapse less\" id=\"embed5723_colapse\"><\/span><span onclick=\"parent.parent.TinyMCETdcuerpo.delete_embed('embed5723')\" class=\"embed_delete less\" id=\"embed5723_delete\"><\/span><\/p>\n<\/p><\/div>\n<div contenteditable=\"false\" class=\"embed_cont type_freetext\" rel=\"freetext\" id=\"embed9752_wrap\" data-provider=\"YouTube\" readability=\"32\">\n<p> Alfa Walter: &#8220;Me gustar\u00eda que gane Romina&#8221; &#8211; Gran Hermano 2022<span onclick=\"parent.parent.TinyMCETdcuerpo.preview_embed('embed9752')\" class=\"embed_colapse less\" id=\"embed9752_colapse\"><\/span><span onclick=\"parent.parent.TinyMCETdcuerpo.delete_embed('embed9752')\" class=\"embed_delete less\" id=\"embed9752_delete\"><\/span><\/p>\n<div id=\"embed9752_content\" class=\"embed_content\">\n<p> <iframe loading=\"lazy\" width=\"200\" height=\"113\" src=\"https:\/\/www.youtube.com\/embed\/kzo4QqtrYdE?feature=oembed\" frameborder=\"0\" allow=\"accelerometer; autoplay; clipboard-write; encrypted-media; gyroscope; picture-in-picture; web-share\" allowfullscreen title=\"Alfa Walter: &quot;Me gustar\u00eda que gane Romina&quot; - Gran Hermano 2022\">[embedded content]<\/iframe><\/p>\n<\/p><\/div>\n<\/p><\/div>\n<\/p><\/div>\n","protected":false},"excerpt":{"rendered":"<p>\nEl ciclo conducido por Marley dej\u00f3 un excelente piso para el debate que se gener\u00f3 con el reci\u00e9n eliminado Alfa (Walter) enfrentando a los panelistas.  <\/p>\n","protected":false},"author":1,"featured_media":1095,"comment_status":"closed","ping_status":"closed","sticky":false,"template":"","format":"standard","meta":[],"categories":[14],"tags":[],"_links":{"self":[{"href":"https:\/\/latecordoba.com\/index.php\/wp-json\/wp\/v2\/posts\/1094"}],"collection":[{"href":"https:\/\/latecordoba.com\/index.php\/wp-json\/wp\/v2\/posts"}],"about":[{"href":"https:\/\/latecordoba.com\/index.php\/wp-json\/wp\/v2\/types\/post"}],"author":[{"embeddable":true,"href":"https:\/\/latecordoba.com\/index.php\/wp-json\/wp\/v2\/users\/1"}],"replies":[{"embeddable":true,"href":"https:\/\/latecordoba.com\/index.php\/wp-json\/wp\/v2\/comments?post=1094"}],"version-history":[{"count":0,"href":"https:\/\/latecordoba.com\/index.php\/wp-json\/wp\/v2\/posts\/1094\/revisions"}],"wp:featuredmedia":[{"embeddable":true,"href":"https:\/\/latecordoba.com\/index.php\/wp-json\/wp\/v2\/media\/1095"}],"wp:attachment":[{"href":"https:\/\/latecordoba.com\/index.php\/wp-json\/wp\/v2\/media?parent=1094"}],"wp:term":[{"taxonomy":"category","embeddable":true,"href":"https:\/\/latecordoba.com\/index.php\/wp-json\/wp\/v2\/categories?post=1094"},{"taxonomy":"post_tag","embeddable":true,"href":"https:\/\/latecordoba.com\/index.php\/wp-json\/wp\/v2\/tags?post=1094"}],"curies":[{"name":"wp","href":"https:\/\/api.w.org\/{rel}","templated":true}]}}