{"id":10938,"date":"2023-07-03T23:46:45","date_gmt":"2023-07-03T23:46:45","guid":{"rendered":"https:\/\/radioritmo.com.ar\/?p=14645"},"modified":"2023-07-03T23:46:45","modified_gmt":"2023-07-03T23:46:45","slug":"la-mona-se-disfrazo-y-revoluciono-un-programa-de-tv-en-uruguay","status":"publish","type":"post","link":"https:\/\/latecordoba.com\/index.php\/2023\/07\/03\/la-mona-se-disfrazo-y-revoluciono-un-programa-de-tv-en-uruguay\/","title":{"rendered":"\u201cLa Mona\u201d se disfraz\u00f3 y revolucion\u00f3 un programa de TV en Uruguay"},"content":{"rendered":"\n<div><img decoding=\"async\" src=\"http:\/\/latecordoba.com\/wp-content\/uploads\/2023\/07\/la-mona-se-disfrazo-y-revoluciono-un-programa-de-tv-en-uruguay.jpg\" class=\"ff-og-image-inserted\"><\/div>\n<p>\u201cEl Mandam\u00e1s\u201d particip\u00f3 en la noche del jueves del ciclo \u00bfQui\u00e9n es la m\u00e1scara? y termin\u00f3 desenmascarado.<\/p>\n<p><a href=\"https:\/\/www.cadena3.com\/pagina\/tag\/?q=La%20Mona\" target=\"_blank\" rel=\"noopener noreferrer\">Carlos \u201cLa Mona\u201d Jim\u00e9nez<\/a>&nbsp;particip\u00f3 en la noche de este jueves de un reality uruguayo en el que se disfraz\u00f3 y cautiv\u00f3 al jurado y al p\u00fablico.<\/p>\n<p>El programa de televisi\u00f3n se basa en que&nbsp;los participantes interpretan una canci\u00f3n disfrazados por completo, con enormes trajes que cubren todo su cuerpo, y los investigadores apuestan por el nombre del famoso que ellos creen que se oculta debajo de cada m\u00e1scara.<\/p>\n<p>Es as\u00ed que Juan Carlos Rufino Jim\u00e9nez se hizo presente bajo el traje de un gorila, interpretando la canci\u00f3n \u201cSuavemente\u201d, de&nbsp;<a href=\"https:\/\/www.cadena3.com\/pagina\/tag\/?q=Elvis%20Crespo\" target=\"_blank\" rel=\"noopener noreferrer\">Elvis Crespo<\/a>.<\/p>\n<p>El traje y las pistas lo dec\u00edan todo:&nbsp;se trataba de una figura internacional, se quejaba de que \u201cle consum\u00edan toda la bebida para el brindis\u201d y que era un \u201ccautivador de todas las hinchadas\u201d. No pod\u00eda ser otro m\u00e1s que \u201cLa Mona\u201d.<\/p>\n<p>Luego de la actuaci\u00f3n, Sof\u00eda Rodr\u00edguez, una de las investigadoras lo sac\u00f3 al instante, y lo invit\u00f3 a revelar su verdadera identidad.&nbsp;Tras quitarse la m\u00e1scara,&nbsp; \u201cel Mandam\u00e1s\u201d se mostr\u00f3 agradecido con la convocatoria: \u201cLa estoy pasando hermoso, pas\u00e9 un d\u00eda espectacular. Le mando un beso a toda la gente de Montevideo\u201d, expres\u00f3.<\/p>\n<p>Y como no pod\u00eda ser de otra manera, viniendo de un cordob\u00e9s, dej\u00f3 su cuota de humor: \u201cYa tengo la cara de mono, este podr\u00eda ser mi tatarabuelo\u201d, dijo entre risas, refiri\u00e9ndose a su traje de gorila.<\/p>\n<p>Para el cierre de la gran noche se subieron todos al escenario para cantar y bailar \u201cBeso a Beso\u201d, uno de los hits jimeneros.<\/p>\n","protected":false},"excerpt":{"rendered":"<p> &#8220;El Mandam\u00e1s&#8221; particip\u00f3 en la noche del jueves del ciclo \u00bfQui\u00e9n es la m\u00e1scara y termin\u00f3 desenmascarado. Carlos &#8220;La Mona&#8221; Jim\u00e9nez\u00a0particip\u00f3 en la noche de este jueves de un reality uruguayo en el que se disfraz\u00f3 y cautiv\u00f3 al jurado y al p\u00fablico. El programa de televisi\u00f3n se basa en que\u00a0los participantes interpretan una canci\u00f3n &#8230;  <\/p>\n","protected":false},"author":1,"featured_media":10939,"comment_status":"closed","ping_status":"closed","sticky":false,"template":"","format":"standard","meta":[],"categories":[20],"tags":[],"_links":{"self":[{"href":"https:\/\/latecordoba.com\/index.php\/wp-json\/wp\/v2\/posts\/10938"}],"collection":[{"href":"https:\/\/latecordoba.com\/index.php\/wp-json\/wp\/v2\/posts"}],"about":[{"href":"https:\/\/latecordoba.com\/index.php\/wp-json\/wp\/v2\/types\/post"}],"author":[{"embeddable":true,"href":"https:\/\/latecordoba.com\/index.php\/wp-json\/wp\/v2\/users\/1"}],"replies":[{"embeddable":true,"href":"https:\/\/latecordoba.com\/index.php\/wp-json\/wp\/v2\/comments?post=10938"}],"version-history":[{"count":0,"href":"https:\/\/latecordoba.com\/index.php\/wp-json\/wp\/v2\/posts\/10938\/revisions"}],"wp:featuredmedia":[{"embeddable":true,"href":"https:\/\/latecordoba.com\/index.php\/wp-json\/wp\/v2\/media\/10939"}],"wp:attachment":[{"href":"https:\/\/latecordoba.com\/index.php\/wp-json\/wp\/v2\/media?parent=10938"}],"wp:term":[{"taxonomy":"category","embeddable":true,"href":"https:\/\/latecordoba.com\/index.php\/wp-json\/wp\/v2\/categories?post=10938"},{"taxonomy":"post_tag","embeddable":true,"href":"https:\/\/latecordoba.com\/index.php\/wp-json\/wp\/v2\/tags?post=10938"}],"curies":[{"name":"wp","href":"https:\/\/api.w.org\/{rel}","templated":true}]}}