{"id":10936,"date":"2023-07-03T13:31:00","date_gmt":"2023-07-03T13:31:00","guid":{"rendered":"https:\/\/www.puntal.com.ar\/literatura\/resultado-del-concurso-cuento-corto-dr-justo-sorondo-ovando-n194585"},"modified":"2023-07-03T13:31:00","modified_gmt":"2023-07-03T13:31:00","slug":"resultado-del-concurso-de-cuento-corto-dr-justo-sorondo-ovando","status":"publish","type":"post","link":"https:\/\/latecordoba.com\/index.php\/2023\/07\/03\/resultado-del-concurso-de-cuento-corto-dr-justo-sorondo-ovando\/","title":{"rendered":"Resultado del Concurso de Cuento Corto Dr. Justo Sorondo Ovando"},"content":{"rendered":"\n<div><img decoding=\"async\" src=\"http:\/\/latecordoba.com\/wp-content\/uploads\/2023\/07\/resultado-del-concurso-de-cuento-corto-dr-justo-sorondo-ovando.jpg\" class=\"ff-og-image-inserted\"><\/div>\n<p> El jurado, integrado por los escritores Noris Barro, Daila Prado y Jos\u00e9 Di Marco, determin\u00f3 por unanimidad otorgar las quince menciones, sin orden de m\u00e9rito, a los siguientes cuentos:<\/p>\n<p>\u201cEl campanero\u201d, de Sergio Daniel Albornoz, Ciudad A. de Buenos Aires.<\/p>\n<p>\u201cEl grito en el cielo\u201d, de Pedro Luis Aragon\u00e9s, Monte Grande (Buenos Aires).<\/p>\n<p>\u201cEl silencio\u201d, de Horacio Mart\u00edn Rodio, Burzaco (Buenos Aires).<\/p>\n<p>\u201cEl \u00faltimo anal\u00f3gico\u201d, de Mar\u00eda Cecilia Gentilini, Ciudad A. de Buenos Aires.<\/p>\n<p>\u201cEl \u00faltimo d\u00eda\u201d, de Ariel Alberto D\u00edaz, Jos\u00e9 M\u00e1rmol (Buenos Aires).<\/p>\n<p>\u201cEterno retorno\u201d, de Mariana Lucila Ferramola, Juana Koslay (San Luis).<\/p>\n<p>\u201cG\u00e1rgola\u201d, de Anah\u00ed Flores, Vicente L\u00f3pez (Buenos Aires).<\/p>\n<p>\u201cIgual y distinto\u201d, de Laura del Carmen Moreno, ciudad de C\u00f3rdoba.<\/p>\n<p>\u201cLa l\u00ednea\u201d, de Ernesto Tancovich, Campana (Buenos Aires).<\/p>\n<p>\u201cLa mujer que alimentaba a las palomas\u201d, de Mar\u00eda Cristina Cipolla, Ciudad A. de Buenos<\/p>\n<p>Aires.<\/p>\n<p>\u201cLa playa\u201d, de Emilce Mariel Acu\u00f1a, San Pedro (Buenos Aires).<\/p>\n<p>\u201cLimbo y endorfinas\u201d, de Horacio Jos\u00e9 Godoy, Ciudad A. de Buenos Aires.<\/p>\n<p>\u201cLo terso y lo espinoso\u201d, de Gabriel \u00c1valos Abuin, Ciudad A. de Buenos Aires.<\/p>\n<p>\u201cPigmali\u00f3n\u201d, de Germ\u00e1n Bartizzaghi, Pilar (Santa Fe).<\/p>\n<p>\u201cQuince medialunas\u201d, de Mar\u00eda Fernanda Trebol, Rosario (Santa Fe).<\/p>\n<p>Se presentaron al concurso 612 cuentos, propios de igual cantidad de autores de todo el territorio nacional, por parte de escritores de SADE R\u00edo Cuarto.<\/p>\n<p>Con el cuento ganador y los quince mencionados se editar\u00e1 un libro por UniR\u00edo Editorial, editorial de la Universidad Nacional de R\u00edo Cuarto, cuya aparici\u00f3n se estima para el mes de septiembre de 2023, lo que ser\u00e1 debidamente difundido.<\/p>\n","protected":false},"excerpt":{"rendered":"<p>\nEl primer premio fue para la obra &#8220;El silencio de la lluvia&#8221;, cuento de Daniel &#8220;Nato&#8221; L\u00f3pez, residente en Las Higueras.  <\/p>\n","protected":false},"author":1,"featured_media":10937,"comment_status":"closed","ping_status":"closed","sticky":false,"template":"","format":"standard","meta":[],"categories":[14],"tags":[],"_links":{"self":[{"href":"https:\/\/latecordoba.com\/index.php\/wp-json\/wp\/v2\/posts\/10936"}],"collection":[{"href":"https:\/\/latecordoba.com\/index.php\/wp-json\/wp\/v2\/posts"}],"about":[{"href":"https:\/\/latecordoba.com\/index.php\/wp-json\/wp\/v2\/types\/post"}],"author":[{"embeddable":true,"href":"https:\/\/latecordoba.com\/index.php\/wp-json\/wp\/v2\/users\/1"}],"replies":[{"embeddable":true,"href":"https:\/\/latecordoba.com\/index.php\/wp-json\/wp\/v2\/comments?post=10936"}],"version-history":[{"count":0,"href":"https:\/\/latecordoba.com\/index.php\/wp-json\/wp\/v2\/posts\/10936\/revisions"}],"wp:featuredmedia":[{"embeddable":true,"href":"https:\/\/latecordoba.com\/index.php\/wp-json\/wp\/v2\/media\/10937"}],"wp:attachment":[{"href":"https:\/\/latecordoba.com\/index.php\/wp-json\/wp\/v2\/media?parent=10936"}],"wp:term":[{"taxonomy":"category","embeddable":true,"href":"https:\/\/latecordoba.com\/index.php\/wp-json\/wp\/v2\/categories?post=10936"},{"taxonomy":"post_tag","embeddable":true,"href":"https:\/\/latecordoba.com\/index.php\/wp-json\/wp\/v2\/tags?post=10936"}],"curies":[{"name":"wp","href":"https:\/\/api.w.org\/{rel}","templated":true}]}}