{"id":10934,"date":"2023-07-03T22:35:56","date_gmt":"2023-07-03T22:35:56","guid":{"rendered":"https:\/\/www.puntal.com.ar\/silvina-luna\/continua-asistencia-respiratoria-despierta-y-signos-vitales-estables-n194593"},"modified":"2023-07-03T22:35:56","modified_gmt":"2023-07-03T22:35:56","slug":"continua-con-asistencia-respiratoria-despierta-y-con-signos-vitales-estables","status":"publish","type":"post","link":"https:\/\/latecordoba.com\/index.php\/2023\/07\/03\/continua-con-asistencia-respiratoria-despierta-y-con-signos-vitales-estables\/","title":{"rendered":"&#8220;Contin\u00faa con asistencia respiratoria, despierta y con signos vitales estables&#8221;"},"content":{"rendered":"\n<div><img decoding=\"async\" src=\"http:\/\/latecordoba.com\/wp-content\/uploads\/2023\/07\/continua-con-asistencia-respiratoria-despierta-y-con-signos-vitales-estables.png\" class=\"ff-og-image-inserted\"><\/div>\n<p class=\"paragraph\"> \u201cEl s\u00e1bado 01 de julio, <strong>la paciente requiri\u00f3 asistencia ventilatoria mec\u00e1nica<\/strong> a causa de su debilidad muscular generalizada. <strong>No se encontraron nuevas complicaciones<\/strong> en los \u00faltimos estudios\u201d, indica el parte que fue publicado en las historias de Instagram de <a href=\"https:\/\/tn.com.ar\/show\/famosos\/2023\/07\/03\/fernando-burlando-dio-detalles-de-la-salud-de-silvina-luna-va-a-tener-altibajos\/\" target=\"_blank\" rel=\"noopener\"><strong>Fernando Burlando<\/strong><\/a>, abogado de la modelo.<\/p>\n<p class=\"paragraph\">Sobre su estado de salud, sostiene que \u201c<strong>contin\u00faa con asistencia respiratoria mec\u00e1nica, est\u00e1 despierta y con signos vitales estables<\/strong>\u201d. Adem\u00e1s, se destaca que \u201cpermanecer\u00e1 internada en el servicio de Terapia Intensiva, donde <strong>se le realizan estudios adicionales<\/strong> y brindar\u00e1n los tratamientos necesarios\u201d.<\/p>\n<p>El parte m\u00e9dico de Silvina Luna que comparti\u00f3 Fernando Burlando, abogado de la modelo. (Foto: Instagram \/ burlandofernando)<\/p>\n<p class=\"paragraph\">En el posteo de Burlando incluye <strong>un mensaje del entorno de Silvina<\/strong> que agradece al p\u00fablico por el cari\u00f1o y a los trabajadores de la salud: \u201cAl \u00faltimo parte m\u00e9dico difundido, los familiares y cercanos afectos de Silvina Luna, simplemente deseamos agregar que <strong>pelea con todas sus fuerzas sostenida por nuestro amor, el de todos ustedes<\/strong> (con sus permanentes mensajes de recuperaci\u00f3n) y<strong> la impecable labor del cuerpo m\u00e9dico y personal de salud <\/strong>del Hospital Italiano, para quienes no alcanzan nuestras palabras de agradecimiento\u201d.<\/p>\n<div contenteditable=\"false\" class=\"embed_cont type_freetext\" rel=\"freetext\" id=\"embed9387_wrap\" data-provider=\"YouTube\" readability=\"32\">\n<p> NUEVO PARTE M\u00c9DICO de SILVINA LUNA: &#8220;EST\u00c1 DESPIETA Y CON SIGNOS VITALES ESTABLES&#8221;<span onclick=\"parent.parent.TinyMCETdcuerpo.preview_embed('embed9387')\" class=\"embed_colapse less\" id=\"embed9387_colapse\"><\/span><span onclick=\"parent.parent.TinyMCETdcuerpo.delete_embed('embed9387')\" class=\"embed_delete less\" id=\"embed9387_delete\"><\/span><\/p>\n<div id=\"embed9387_content\" class=\"embed_content\">\n<p> <iframe loading=\"lazy\" width=\"200\" height=\"113\" src=\"https:\/\/www.youtube.com\/embed\/1vkqvJ8w-6M?feature=oembed\" frameborder=\"0\" allow=\"accelerometer; autoplay; clipboard-write; encrypted-media; gyroscope; picture-in-picture; web-share\" allowfullscreen title=\"NUEVO PARTE M\u00c9DICO de SILVINA LUNA: &quot;EST\u00c1 DESPIETA Y CON SIGNOS VITALES ESTABLES&quot;\">[embedded content]<\/iframe><\/p>\n<\/p><\/div>\n<\/p><\/div>\n<p><strong> Fernando Burlando dio detalles de la salud de Silvina Luna: \u201cVa a tener altibajos\u201d<\/strong><\/p>\n<p class=\"paragraph\"><a href=\"https:\/\/tn.com.ar\/show\/famosos\/2023\/07\/03\/fernando-burlando-dio-detalles-de-la-salud-de-silvina-luna-va-a-tener-altibajos\/\" target=\"_blank\" rel=\"noopener\"><strong>Fernando Burlando<\/strong><\/a>, abogado defensor de Silvina Luna, habl\u00f3 este lunes con <em> Mediod\u00eda Noticias <\/em>(<em>eltrece<\/em>) sobre la salud de la modelo. Tras remarcar que \u201cel pron\u00f3stico es reservado\u201d, el letrado recalc\u00f3: \u201c<strong>La salud de Silvina va a tener altibajos<\/strong>, donde seguramente lo que est\u00e1 viviendo ahora, que es<strong> una intubaci\u00f3n<\/strong>, puede repetirse en otra oportunidad\u201d. \u201cTengo mucha fe de que saldr\u00e1 adelante con las oraciones de todos\u201d, dijo.<\/p>\n<p class=\"paragraph\">Adem\u00e1s, al aire de <em>Socios del espect\u00e1culo (eltrece)<\/em>, Mariana Brey inform\u00f3 qu\u00e9 fue lo que le dijo <strong>Fernando Burlando<\/strong> sobre la salud de su defendida. <strong>\u201cEst\u00e1 mejorando, sigue con el respirador y no est\u00e1 sedada\u201d<\/strong>, expres\u00f3 la periodista y sum\u00f3 que en estos momentos Silvina <strong>no est\u00e1 inducida a un coma, sino que permanece consciente<\/strong>.<\/p>\n","protected":false},"excerpt":{"rendered":"<p>\nSilvina Luna present\u00f3 este lunes una peque\u00f1a mejor\u00eda.  <\/p>\n","protected":false},"author":1,"featured_media":10935,"comment_status":"closed","ping_status":"closed","sticky":false,"template":"","format":"standard","meta":[],"categories":[14],"tags":[],"_links":{"self":[{"href":"https:\/\/latecordoba.com\/index.php\/wp-json\/wp\/v2\/posts\/10934"}],"collection":[{"href":"https:\/\/latecordoba.com\/index.php\/wp-json\/wp\/v2\/posts"}],"about":[{"href":"https:\/\/latecordoba.com\/index.php\/wp-json\/wp\/v2\/types\/post"}],"author":[{"embeddable":true,"href":"https:\/\/latecordoba.com\/index.php\/wp-json\/wp\/v2\/users\/1"}],"replies":[{"embeddable":true,"href":"https:\/\/latecordoba.com\/index.php\/wp-json\/wp\/v2\/comments?post=10934"}],"version-history":[{"count":0,"href":"https:\/\/latecordoba.com\/index.php\/wp-json\/wp\/v2\/posts\/10934\/revisions"}],"wp:featuredmedia":[{"embeddable":true,"href":"https:\/\/latecordoba.com\/index.php\/wp-json\/wp\/v2\/media\/10935"}],"wp:attachment":[{"href":"https:\/\/latecordoba.com\/index.php\/wp-json\/wp\/v2\/media?parent=10934"}],"wp:term":[{"taxonomy":"category","embeddable":true,"href":"https:\/\/latecordoba.com\/index.php\/wp-json\/wp\/v2\/categories?post=10934"},{"taxonomy":"post_tag","embeddable":true,"href":"https:\/\/latecordoba.com\/index.php\/wp-json\/wp\/v2\/tags?post=10934"}],"curies":[{"name":"wp","href":"https:\/\/api.w.org\/{rel}","templated":true}]}}