{"id":10930,"date":"2023-07-03T14:10:45","date_gmt":"2023-07-03T14:10:45","guid":{"rendered":"https:\/\/www.eldiariodeturismo.com.ar\/?p=232349"},"modified":"2023-07-03T14:10:45","modified_gmt":"2023-07-03T14:10:45","slug":"fehgra-en-caminos-y-sabores","status":"publish","type":"post","link":"https:\/\/latecordoba.com\/index.php\/2023\/07\/03\/fehgra-en-caminos-y-sabores\/","title":{"rendered":"FEHGRA en Caminos y Sabores"},"content":{"rendered":"<br \/>\n<h2 class=\"wp-block-heading\">Gran propuesta de FEHGRA, con brigadas compuestas por 18 cocineros, t\u00e9cnicos y bartenders en el escenario de \u201cCocina FEHGRA\u201d<\/h2>\n<h5><strong>Brigadas de Chefs de todo el pa\u00eds y referentes de la Gastronom\u00eda cocinan en vivo en el espacio \u201cCocina FEHGRA\u201d, y ponen en escena la cultura, los productos, las recetas y el trabajo de los cocineros argentinos. Del 6 al 9 de julio en La Rural.<\/strong><\/h5>\n<h3>&nbsp;<\/h3>\n<p>La&nbsp;<strong>Federaci\u00f3n Empresaria Hotelera Gastron\u00f3mica de la Rep\u00fablica Argentina<\/strong>&nbsp;(FEHGRA) presenta una importante agenda en la&nbsp;<strong>17\u00b0 Edici\u00f3n de Caminos y Sabores (CyS),<\/strong>&nbsp;un encuentro que pone en valor los productos y la gastronom\u00eda de toda la Argentina, del 6 al 9 de julio en La Rural.<\/p>\n<p><strong>Por primera vez en la historia del encuentro, el Pabell\u00f3n Azul del predio se denomina \u201cCocina FEHGRA\u201d,<\/strong>&nbsp;con el contenido y la log\u00edstica a cargo de la Federaci\u00f3n, con una apuesta de 22 metros de frente, 6 de fondo y tres espacios de cocina.<\/p>\n<figure id=\"attachment_232352\" aria-describedby=\"caption-attachment-232352\" class=\"wp-caption alignright\"><img decoding=\"async\" loading=\"lazy\" class=\"size-medium wp-image-232352\" src=\"http:\/\/latecordoba.com\/wp-content\/uploads\/2023\/07\/fehgra-en-caminos-y-sabores.jpg\" alt width=\"300\" height=\"200\" srcset=\"http:\/\/latecordoba.com\/wp-content\/uploads\/2023\/07\/fehgra-en-caminos-y-sabores.jpg 300w, https:\/\/www.eldiariodeturismo.com.ar\/wp-content\/uploads\/2023\/07\/2-FDesbots-NLepes-RVerde.jpg 400w\" sizes=\"(max-width: 300px) 100vw, 300px\"><figcaption id=\"caption-attachment-232352\" class=\"wp-caption-text\">Fernando Desbots, Narda Lepes y Rodrigo Verde<\/figcaption><\/figure>\n<p>\u201cEs un gran logro para nuestra entidad tener la \u00b4Cocina FEHGRA\u00b4 en CyS.&nbsp;<strong>Asumimos un gran compromiso por la fuerte puesta en escena y contenidos que all\u00ed se desplegar\u00e1n durante cuatro d\u00edas<\/strong>. Nuestra estrategia es seguir impulsando los ejes de trabajo vinculados a la identidad gastron\u00f3mica regional, apuntando a la revalorizaci\u00f3n del producto y la gran diversidad\u201d, explica&nbsp;<strong>Fernando Desbots<\/strong>, presidente de la Federaci\u00f3n.<\/p>\n<p>\u201cPondremos en el escenario de CyS una verdadera explosi\u00f3n de sabores regionales, que confirman el car\u00e1cter federal de nuestra instituci\u00f3n. Nuestras Brigadas de Chefs est\u00e1n conformadas por 18 cocineros, t\u00e9cnicos y bartenders m\u00e1s sus equipos de asistentes.&nbsp;<strong>Haremos un recorrido gastron\u00f3mico por la vasta riqueza productiva de nuestro pa\u00eds<\/strong>, potenciaremos productos identitarios, regiones y peque\u00f1os productores, en trabajo conjunto con nuestras brigadas de cocineros y tendremos un cierre especial, con una Masterclass de Narda Lepes\u201d, explica el vicepresidente de la Federaci\u00f3n&nbsp;<strong>Rodrigo Verde<\/strong>, responsable de la propuesta de la entidad en la feria. Tambi\u00e9n encienden las hornallas de la \u201c<strong>Cocina FEHGRA<\/strong>\u201d otros referentes indiscutidos, como&nbsp;<strong>Dolly Irigoyen, Chantal Abad, Andrea Gonz\u00e1lez, Ximena Sanz<\/strong>, entre otros.<\/p>\n<figure id=\"attachment_232353\" aria-describedby=\"caption-attachment-232353\" class=\"wp-caption alignleft\"><img decoding=\"async\" loading=\"lazy\" class=\"wp-image-232353 size-medium\" src=\"http:\/\/latecordoba.com\/wp-content\/uploads\/2023\/07\/fehgra-en-caminos-y-sabores-1.jpg\" alt width=\"300\" height=\"210\" srcset=\"http:\/\/latecordoba.com\/wp-content\/uploads\/2023\/07\/fehgra-en-caminos-y-sabores-3.jpg 300w, http:\/\/latecordoba.com\/wp-content\/uploads\/2023\/07\/fehgra-en-caminos-y-sabores-4.jpg 130w, https:\/\/www.eldiariodeturismo.com.ar\/wp-content\/uploads\/2023\/07\/3-Lucano-Nanni.jpg 400w\" sizes=\"(max-width: 300px) 100vw, 300px\"><figcaption id=\"caption-attachment-232353\" class=\"wp-caption-text\">Luciano Nanni<\/figcaption><\/figure>\n<p>El jueves 6 de julio, despu\u00e9s de la inauguraci\u00f3n oficial que se lleva a cabo en al escenario de \u201cCocina FEHGRA\u201d, la&nbsp;<strong>Brigada FEHGRA Regi\u00f3n Patagonia<\/strong>&nbsp;inicia su presentaci\u00f3n con&nbsp;<strong>Pablo Buzzo<\/strong>&nbsp;y&nbsp;<strong>Pablo Quiven<\/strong>&nbsp;-ganador de la \u00faltima edici\u00f3n del Torneo Federal del Chef de FEHGRA-. M\u00e1s tarde, elabora su plato la&nbsp;<strong>Brigada FEHGRA Regi\u00f3n Cuyo<\/strong>, a cargo de los chefs&nbsp;<strong>Mar\u00eda Virginia Garc\u00eda<\/strong>&nbsp;y&nbsp;<strong>Santiago Maestre<\/strong>. Tambi\u00e9n forman parte de la agenda del d\u00eda, el bartender&nbsp;<strong>Mat\u00edas Jurisich<\/strong>, ganador de la medalla de oro al Mejor Vermouth de Malbec en Londres 2023, quien presenta su producto \u00abPichincha\u00bb, y la bartender&nbsp;<strong>Magal\u00ed Caviasso<\/strong>, ganadora del reciente concurso mundial de Johnnie Walker en la categor\u00eda Brand Ambassador, quien elabora su trago ganador \u201cEl Consuelo\u201d. Ambos interact\u00faan en un maridaje perfecto con los platos preparados por el chef&nbsp;<strong>Luciano Nanni<\/strong>, asesor gastron\u00f3mico de la Federaci\u00f3n.<\/p>\n<p>El viernes 7 de julio, elabora su plato la&nbsp;<strong>Brigada FEHGRA Centro<\/strong>, encabezada por&nbsp;<strong>Franco Ghione<\/strong>. Al cierre, se lleva a cabo una Masterclass muy esperada por el gran p\u00fablico que asiste a CyS,&nbsp;<strong>Dolly Irigoyen<\/strong>.<\/p>\n<figure id=\"attachment_232351\" aria-describedby=\"caption-attachment-232351\" class=\"wp-caption alignright\"><img decoding=\"async\" loading=\"lazy\" class=\"wp-image-232351 size-medium\" src=\"http:\/\/latecordoba.com\/wp-content\/uploads\/2023\/07\/fehgra-en-caminos-y-sabores-2.jpg\" alt width=\"300\" height=\"206\" srcset=\"http:\/\/latecordoba.com\/wp-content\/uploads\/2023\/07\/fehgra-en-caminos-y-sabores-5.jpg 300w, http:\/\/latecordoba.com\/wp-content\/uploads\/2023\/07\/fehgra-en-caminos-y-sabores-6.jpg 130w, https:\/\/www.eldiariodeturismo.com.ar\/wp-content\/uploads\/2023\/07\/8-Guillermo-Perosio.jpg 400w\" sizes=\"(max-width: 300px) 100vw, 300px\"><figcaption id=\"caption-attachment-232351\" class=\"wp-caption-text\">Guillermo Perosio<\/figcaption><\/figure>\n<p>El s\u00e1bado 8 de julio, le toca el turno a la&nbsp;<strong>Brigada FEHGRA Regi\u00f3n NEA<\/strong>, con&nbsp;<strong>Enrique Molina&nbsp;<\/strong>y&nbsp;<strong>Guillermo Perosio<\/strong>; y a&nbsp;<strong>la Brigada FEHGRA Regi\u00f3n NOA,&nbsp;<\/strong>con&nbsp;<strong>Mar\u00eda Florencia Rodr\u00edguez<\/strong>&nbsp;y&nbsp;<strong>Agust\u00edn Kur\u00e1n<\/strong>. Adem\u00e1s, la Federaci\u00f3n presenta una propuesta innovadora e identitaria denominada \u201cla ruta de las Tres I\u201d, integrada por el Impenetrable chaque\u00f1o, Iguaz\u00fa e Iber\u00e1, con una terna de cocineros compuestas por&nbsp;<strong>Alina Ruiz,<\/strong>&nbsp;<strong>Juan Pablo Koch<\/strong>&nbsp;y&nbsp;<strong>Gisela Medina<\/strong>, que sin dudas son un fiel reflejo del concepto de puesta en valor de producto y trabajo mancomunado con los cocineros. Al cierre,&nbsp;<strong>Chantal Abad<\/strong>&nbsp;ofrece su Masterclass en la \u201cCocina FEHGRA\u201d.<\/p>\n<p>El domingo 9 de julio, cocina en vivo la&nbsp;<strong>Brigada FEHGRA Regi\u00f3n Provincia de Buenos Aires<\/strong>, con la cocinera&nbsp;<strong>Mar\u00eda Eugenia Krause<\/strong>&nbsp;-representante argentina en Cocinas del Mercosur del MICA-. La t\u00e9cnica&nbsp;<strong>Lorena Rodr\u00edguez Urroz<\/strong>&nbsp;del&nbsp;<strong>INTA<\/strong>&nbsp;interactuar a con las Brigadas Regionales. De la mano de Rational se suma con FEHGRA la talentosa pastelera&nbsp;<strong>Andrea Gonz\u00e1lez<\/strong>&nbsp;para deleitar con sus dulces. Cierra CyS, representado a la Federaci\u00f3n la reconocida cocinera&nbsp;<strong>Narda Lepes<\/strong>, quien brindara una Masterclass imperdible.<\/p>\n<p>La 17\u00b0 edici\u00f3n de la feria Caminos y Sabores se realiza del 6 al 9 de julio, en La Rural de Palermo. Convoca a productores de alimentos, cocineros, emprendedores y artesanos y a los apasionados por la cultura y la gastronom\u00eda argentina.<\/p>\n<p>.<\/p>\n<p>FUENTE: FEHGRA \u2013 Federaci\u00f3n Empresaria Hotelera Gastron\u00f3mica de la Rep\u00fablica Argentina&nbsp;<\/p>\n","protected":false},"excerpt":{"rendered":"<p> Gran propuesta de FEHGRA, con brigadas compuestas por 18 cocineros, t\u00e9cnicos y bartenders en el escenario de \u201cCocina FEHGRA\u201d \u00a0  <\/p>\n","protected":false},"author":1,"featured_media":10931,"comment_status":"open","ping_status":"closed","sticky":false,"template":"","format":"standard","meta":[],"categories":[19],"tags":[],"_links":{"self":[{"href":"https:\/\/latecordoba.com\/index.php\/wp-json\/wp\/v2\/posts\/10930"}],"collection":[{"href":"https:\/\/latecordoba.com\/index.php\/wp-json\/wp\/v2\/posts"}],"about":[{"href":"https:\/\/latecordoba.com\/index.php\/wp-json\/wp\/v2\/types\/post"}],"author":[{"embeddable":true,"href":"https:\/\/latecordoba.com\/index.php\/wp-json\/wp\/v2\/users\/1"}],"replies":[{"embeddable":true,"href":"https:\/\/latecordoba.com\/index.php\/wp-json\/wp\/v2\/comments?post=10930"}],"version-history":[{"count":0,"href":"https:\/\/latecordoba.com\/index.php\/wp-json\/wp\/v2\/posts\/10930\/revisions"}],"wp:featuredmedia":[{"embeddable":true,"href":"https:\/\/latecordoba.com\/index.php\/wp-json\/wp\/v2\/media\/10931"}],"wp:attachment":[{"href":"https:\/\/latecordoba.com\/index.php\/wp-json\/wp\/v2\/media?parent=10930"}],"wp:term":[{"taxonomy":"category","embeddable":true,"href":"https:\/\/latecordoba.com\/index.php\/wp-json\/wp\/v2\/categories?post=10930"},{"taxonomy":"post_tag","embeddable":true,"href":"https:\/\/latecordoba.com\/index.php\/wp-json\/wp\/v2\/tags?post=10930"}],"curies":[{"name":"wp","href":"https:\/\/api.w.org\/{rel}","templated":true}]}}