{"id":10921,"date":"2023-07-03T18:20:45","date_gmt":"2023-07-03T18:20:45","guid":{"rendered":"https:\/\/www.lapoliticaonline.com\/politica\/scioli-en-su-primer-dia-como-asesor-de-massa-no-me-dieron-un-premio-consuelo\/"},"modified":"2023-07-03T18:20:45","modified_gmt":"2023-07-03T18:20:45","slug":"scioli-en-su-primer-dia-como-asesor-de-massa-no-me-dieron-un-premio-consuelo","status":"publish","type":"post","link":"https:\/\/latecordoba.com\/index.php\/2023\/07\/03\/scioli-en-su-primer-dia-como-asesor-de-massa-no-me-dieron-un-premio-consuelo\/","title":{"rendered":"Scioli en su primer d\u00eda como asesor de Massa: &#8220;No me dieron un premio consuelo&#8221;"},"content":{"rendered":"\n<div><img decoding=\"async\" src=\"http:\/\/latecordoba.com\/wp-content\/uploads\/2023\/07\/scioli-en-su-primer-dia-como-asesor-de-massa-no-me-dieron-un-premio-consuelo.jpg\" class=\"ff-og-image-inserted\"><\/div>\n<div id=\"vsmcontent\" readability=\"76.510112359551\">\n<p>Daniel Scioli debut\u00f3 como asesor de Sergio Massa en el ministerio de Econom\u00eda y neg\u00f3 que ese puesto sea un &#8220;premio consuelo&#8221; por no haber podido competir en las primarias.<\/p>\n<p><a href=\"https:\/\/www.lapoliticaonline.com\/tools\/redirect.php?t=3&amp;i=262697&amp;s=2b73b5939f8483373ad48dd117b620c5\" target=\"_blank\" rel=\"noopener\">Como explic\u00f3 LPO<\/a>, el ex motonauta fue designado este domingo asesor especial para la agenda internacional del Ministerio de Econom\u00eda.&nbsp; &nbsp;<\/p>\n<p>&#8220;Escucho descalificaciones, que me dieron un premio consuelo. Sostengo mis ideas de que Argentina no puede volver a recetas del pasado, hay que avanzar. Sabemos las dificultades que atraviesa hoy el pa\u00eds y con qu\u00e9 recursos puede afrontarlas&#8221;, dijo Scioli.&nbsp;<\/p>\n<p>El embajador en Brasil explic\u00f3 que en su nuevo cargo, que ser\u00e1 ad honorem, buscar\u00e1 &#8220;poner a Argentina en el centro del inter\u00e9s mundial para invertir y desarrollar sectores estrat\u00e9gicos&#8221;,&nbsp;<\/p>\n<p>&nbsp;&#8220;El camino hacia el futuro es exportar m\u00e1s y llevar inversiones a nuestro pa\u00eds&#8221;, dijo Scioli.<\/p>\n<\/div>\n<p><strong>Copyright La Politica Online SA 2023.<\/strong><br \/>Por favor no corte ni pegue en la web nuestras notas, tiene la posibilidad de redistribuirlas usando nuestras herramientas.<\/p>\n","protected":false},"excerpt":{"rendered":"<p> &#8220;Escucho descalificaciones&#8221;, dijo ex el motonauta tras sumarse al equipo del ministerio de Econom\u00eda.  <\/p>\n","protected":false},"author":1,"featured_media":10922,"comment_status":"closed","ping_status":"closed","sticky":false,"template":"","format":"standard","meta":[],"categories":[18],"tags":[],"_links":{"self":[{"href":"https:\/\/latecordoba.com\/index.php\/wp-json\/wp\/v2\/posts\/10921"}],"collection":[{"href":"https:\/\/latecordoba.com\/index.php\/wp-json\/wp\/v2\/posts"}],"about":[{"href":"https:\/\/latecordoba.com\/index.php\/wp-json\/wp\/v2\/types\/post"}],"author":[{"embeddable":true,"href":"https:\/\/latecordoba.com\/index.php\/wp-json\/wp\/v2\/users\/1"}],"replies":[{"embeddable":true,"href":"https:\/\/latecordoba.com\/index.php\/wp-json\/wp\/v2\/comments?post=10921"}],"version-history":[{"count":0,"href":"https:\/\/latecordoba.com\/index.php\/wp-json\/wp\/v2\/posts\/10921\/revisions"}],"wp:featuredmedia":[{"embeddable":true,"href":"https:\/\/latecordoba.com\/index.php\/wp-json\/wp\/v2\/media\/10922"}],"wp:attachment":[{"href":"https:\/\/latecordoba.com\/index.php\/wp-json\/wp\/v2\/media?parent=10921"}],"wp:term":[{"taxonomy":"category","embeddable":true,"href":"https:\/\/latecordoba.com\/index.php\/wp-json\/wp\/v2\/categories?post=10921"},{"taxonomy":"post_tag","embeddable":true,"href":"https:\/\/latecordoba.com\/index.php\/wp-json\/wp\/v2\/tags?post=10921"}],"curies":[{"name":"wp","href":"https:\/\/api.w.org\/{rel}","templated":true}]}}