{"id":1092,"date":"2023-02-14T12:53:20","date_gmt":"2023-02-14T12:53:20","guid":{"rendered":"https:\/\/www.puntal.com.ar\/perros\/moro-y-caramelo-son-los-nuevos-integrantes-la-casa-n184713"},"modified":"2023-02-14T12:53:20","modified_gmt":"2023-02-14T12:53:20","slug":"moro-y-caramelo-son-los-nuevos-integrantes-de-la-casa","status":"publish","type":"post","link":"https:\/\/latecordoba.com\/index.php\/2023\/02\/14\/moro-y-caramelo-son-los-nuevos-integrantes-de-la-casa\/","title":{"rendered":"Moro y Caramelo son los nuevos integrantes de la Casa"},"content":{"rendered":"\n<div><img decoding=\"async\" src=\"http:\/\/latecordoba.com\/wp-content\/uploads\/2023\/02\/moro-y-caramelo-son-los-nuevos-integrantes-de-la-casa.jpg\" class=\"ff-og-image-inserted\"><\/div>\n<div class=\"cuerpo\" data-twitter-link readability=\"53\">\n<p> \u201cVan a entrar ahora mismo\u201d, anunci\u00f3 <strong>Santiago del Moro<\/strong> apenas comenzada la emisi\u00f3n del lunes, <strong>sujetando dos valijas<\/strong> y manteniendo el misterio sobre qui\u00e9nes iban a ingresar al reality.<\/p>\n<p>El conductor de Telefe luego entr\u00f3 virtualmente a la casa y les dijo a los jugadores que ten\u00eda dos noticias para ellos. \u201cLa buena es que <strong>la fecha de culminaci\u00f3n del programa no se va a modificar por lo que va a pasar a continuaci\u00f3n<\/strong>, y para la otra tienen que dirigirse hacia la puerta\u201d, expres\u00f3.<\/p>\n<p><strong>Camila<\/strong> y <strong>Romina<\/strong> fueron las primeras en ir hacia all\u00e1 y se encontraron con las dos valijas. \u201cSon valijas de participantes nuevos\u201d, opin\u00f3 la pianista. Luego el ojo que todo lo ve le pidi\u00f3 a los hermanitos que lleven hasta el living sin abrirlas.<\/p>\n<p>Los jugadores <strong>especularon sobre si ingresaban nuevos competidores o alguno que ya hab\u00eda sido eliminado.<\/strong><\/p>\n<p>Santiago volvi\u00f3 a comunicarse con ellos para despejar las dudas y nervios de los participantes. El presentador les dijo que ten\u00edan que ir a la habitaci\u00f3n para despu\u00e9s recibir la orden de salir y recibir a los nuevos integrantes.<\/p>\n<p>Las mujeres <strong>fueron a maquillarse y a ponerse perfume<\/strong>, mientras que los hombres permanecieron en silencio muy pensativos.<\/p>\n<div contenteditable=\"false\" class=\"embed_cont type_freetext\" rel=\"freetext\" id=\"embed5809_wrap\" data-provider=\"YouTube\" readability=\"32\">\n<p> Los perros Moro y Caramelo son los nuevos integrantes de la casa &#8211; Gran Hermano 2022<span onclick=\"parent.parent.TinyMCETdcuerpo.preview_embed('embed5809')\" class=\"embed_colapse less\" id=\"embed5809_colapse\"><\/span><span onclick=\"parent.parent.TinyMCETdcuerpo.delete_embed('embed5809')\" class=\"embed_delete less\" id=\"embed5809_delete\"><\/span><\/p>\n<div id=\"embed5809_content\" class=\"embed_content\">\n<p> <iframe loading=\"lazy\" width=\"200\" height=\"113\" src=\"https:\/\/www.youtube.com\/embed\/ShCX1KyePuI?feature=oembed\" frameborder=\"0\" allow=\"accelerometer; autoplay; clipboard-write; encrypted-media; gyroscope; picture-in-picture; web-share\" allowfullscreen title=\"Los perros Moro y Caramelo son los nuevos integrantes de la casa - Gran Hermano 2022\">[embedded content]<\/iframe><\/p>\n<\/p><\/div>\n<\/p><\/div>\n<p>Cuando salieron y se encontraron con los dos perros, los jugadores casi los asustan por los gritos de alegr\u00eda y ternura.<\/p>\n<p>Los competidores decidieron ponerles <strong>Moro y Caramelo<\/strong> a los cachorritos. El primero de los nombres en honor al conductor de Gran Hermano.<\/p>\n<p>\u201cHace 30 d\u00edas llegaron en adopci\u00f3n a la cl\u00ednica veterinaria del doctor Gustavo Gonz\u00e1lez Mar\u00edn. <strong>Son machitos, vestidos y tienen dos meses y medio. Fueron desparasitados y est\u00e1n ah\u00ed para adoptar.<\/strong> Ustedes ser\u00e1n instruidos para la crianza y la manera de cuidarlos\u201d, inform\u00f3 Santi.<\/p>\n<p>\u201cLa casa quiere dar un mensaje para que la gente sepa que adoptar est\u00e1 bien, porque adem\u00e1s implica menos perros en la calle. <strong>La adopci\u00f3n ser\u00e1 despu\u00e9s del programa o cuando <\/strong><strong>Gran Hermano<\/strong><strong> lo decida<\/strong>\u201d, agreg\u00f3 el conductor.<\/p>\n<\/div>\n","protected":false},"excerpt":{"rendered":"<p>\nSon dos perros hermanos y mestizos de dos meses y medio que ingresaron al reality provenientes de un refugio.  <\/p>\n","protected":false},"author":1,"featured_media":1093,"comment_status":"closed","ping_status":"closed","sticky":false,"template":"","format":"standard","meta":[],"categories":[14],"tags":[],"_links":{"self":[{"href":"https:\/\/latecordoba.com\/index.php\/wp-json\/wp\/v2\/posts\/1092"}],"collection":[{"href":"https:\/\/latecordoba.com\/index.php\/wp-json\/wp\/v2\/posts"}],"about":[{"href":"https:\/\/latecordoba.com\/index.php\/wp-json\/wp\/v2\/types\/post"}],"author":[{"embeddable":true,"href":"https:\/\/latecordoba.com\/index.php\/wp-json\/wp\/v2\/users\/1"}],"replies":[{"embeddable":true,"href":"https:\/\/latecordoba.com\/index.php\/wp-json\/wp\/v2\/comments?post=1092"}],"version-history":[{"count":0,"href":"https:\/\/latecordoba.com\/index.php\/wp-json\/wp\/v2\/posts\/1092\/revisions"}],"wp:featuredmedia":[{"embeddable":true,"href":"https:\/\/latecordoba.com\/index.php\/wp-json\/wp\/v2\/media\/1093"}],"wp:attachment":[{"href":"https:\/\/latecordoba.com\/index.php\/wp-json\/wp\/v2\/media?parent=1092"}],"wp:term":[{"taxonomy":"category","embeddable":true,"href":"https:\/\/latecordoba.com\/index.php\/wp-json\/wp\/v2\/categories?post=1092"},{"taxonomy":"post_tag","embeddable":true,"href":"https:\/\/latecordoba.com\/index.php\/wp-json\/wp\/v2\/tags?post=1092"}],"curies":[{"name":"wp","href":"https:\/\/api.w.org\/{rel}","templated":true}]}}