{"id":1090,"date":"2023-02-14T14:19:52","date_gmt":"2023-02-14T14:19:52","guid":{"rendered":"https:\/\/www.lapoliticaonline.com\/politica\/lousteau-dijo-que-morales-es-su-candidato-a-presidente-y-puso-en-duda-a-manes\/"},"modified":"2023-02-14T14:19:52","modified_gmt":"2023-02-14T14:19:52","slug":"lousteau-dijo-que-morales-es-su-candidato-a-presidente-y-puso-en-duda-a-manes","status":"publish","type":"post","link":"https:\/\/latecordoba.com\/index.php\/2023\/02\/14\/lousteau-dijo-que-morales-es-su-candidato-a-presidente-y-puso-en-duda-a-manes\/","title":{"rendered":"Lousteau dijo que Morales es su candidato a presidente y puso en duda a Manes"},"content":{"rendered":"\n<div><img decoding=\"async\" src=\"http:\/\/latecordoba.com\/wp-content\/uploads\/2023\/02\/lousteau-dijo-que-morales-es-su-candidato-a-presidente-y-puso-en-duda-a-manes.jpg\" class=\"ff-og-image-inserted\"><\/div>\n<div id=\"vsmcontent\" readability=\"90.31993204983\">\n<p>Mart\u00edn Lousteau asegur\u00f3 que su candidato a presidente es Gerardo Morales y puso en duda a Facundo Manes como postulante del radicalismo.<\/p>\n<p>&#8220;Gerardo Morales&#8221;, respondi\u00f3 Lousteau sin dudar cuando le consultaron qui\u00e9n es su candidato a presidente. &#8220;Adem\u00e1s Gerardo tiene una trayectoria para mostrar&#8221;, agreg\u00f3 el senador acaso marcando una diferencia con Manes.<\/p>\n<p>Respecto al neur\u00f3logo, Lousteau tom\u00f3 distancia de sus planes electorales. &#8220;Lo escuch\u00e9 decir que \u00e9l todav\u00eda no es candidato a presidente, que no es momento&#8221;, dijo en una entrevista en La Naci\u00f3n +. Lousteau y Manes coincidieron el domingo en La Pampa, pero no se mostraron juntos.&nbsp;&nbsp;<\/p>\n<p>Es la primera vez que Lousteau responde de manera contundente que apoya la candidatura presidencial de Morales, a pesar de que se ha mostrado cercano a Horacio Rodr\u00edguez Larreta. De todos modos, el juje\u00f1o y el jefe de gobierno porte\u00f1o se muestran alineados en la interna de Juntos por el Cambio y coquetean con una f\u00f3rmula.<\/p>\n<p><a href=\"https:\/\/www.lapoliticaonline.com\/tools\/redirect.php?t=3&amp;i=252003&amp;s=643f73efb1296ebdd8b7c80c5b16288b\" target=\"_blank\" class=\"link-type-content content-type-noticia-ar\" rel=\"noopener\">Lousteau y Yacobbiti negocian con Larreta para que desdoble la elecci\u00f3n en la Ciudad&nbsp;<\/a><\/p>\n<p>Lousteau dijo que&nbsp;&#8220;no hay dudas&#8221; que ser\u00e1 candidato a jefe de Gobierno y neg\u00f3 que piense en un cargo nacional. &#8220;T<span>engo un equipo que trabaja para eso desde hace mucho tiempo. La confusi\u00f3n se produce porque yo lidero un espacio nacional que tiene muy buenos candidatos en distintos lugares&#8221;, indic\u00f3.<\/span><\/p>\n<p>Por otro lado, el senador apur\u00f3 a Mauricio Macri para que defina si ser\u00e1 candidato a presidente, algo que ya hab\u00edan hecho otros radicales como Mario Negri.&nbsp;<span>&#8220;Es lo m\u00e1s importante que podr\u00eda pasar para contarle a la sociedad nuestros planes y ser\u00eda m\u00e1s sencillo si estuvieran definidos los candidatos. Estar\u00edamos m\u00e1s c\u00f3modos en cuanto a la previsibilidad&#8221;, complet\u00f3.<\/span><\/p>\n<\/div>\n<p><strong>Copyright La Politica Online SA 2023.<\/strong><br \/>Por favor no corte ni pegue en la web nuestras notas, tiene la posibilidad de redistribuirlas usando nuestras herramientas.<\/p>\n","protected":false},"excerpt":{"rendered":"<p> El senador ratific\u00f3 que competir\u00e1 por la Ciudad de Buenos Aires y tambi\u00e9n apur\u00f3 a Macri para que defina si ir\u00e1 por la presidencia.  <\/p>\n","protected":false},"author":1,"featured_media":1091,"comment_status":"closed","ping_status":"closed","sticky":false,"template":"","format":"standard","meta":[],"categories":[18],"tags":[],"_links":{"self":[{"href":"https:\/\/latecordoba.com\/index.php\/wp-json\/wp\/v2\/posts\/1090"}],"collection":[{"href":"https:\/\/latecordoba.com\/index.php\/wp-json\/wp\/v2\/posts"}],"about":[{"href":"https:\/\/latecordoba.com\/index.php\/wp-json\/wp\/v2\/types\/post"}],"author":[{"embeddable":true,"href":"https:\/\/latecordoba.com\/index.php\/wp-json\/wp\/v2\/users\/1"}],"replies":[{"embeddable":true,"href":"https:\/\/latecordoba.com\/index.php\/wp-json\/wp\/v2\/comments?post=1090"}],"version-history":[{"count":0,"href":"https:\/\/latecordoba.com\/index.php\/wp-json\/wp\/v2\/posts\/1090\/revisions"}],"wp:featuredmedia":[{"embeddable":true,"href":"https:\/\/latecordoba.com\/index.php\/wp-json\/wp\/v2\/media\/1091"}],"wp:attachment":[{"href":"https:\/\/latecordoba.com\/index.php\/wp-json\/wp\/v2\/media?parent=1090"}],"wp:term":[{"taxonomy":"category","embeddable":true,"href":"https:\/\/latecordoba.com\/index.php\/wp-json\/wp\/v2\/categories?post=1090"},{"taxonomy":"post_tag","embeddable":true,"href":"https:\/\/latecordoba.com\/index.php\/wp-json\/wp\/v2\/tags?post=1090"}],"curies":[{"name":"wp","href":"https:\/\/api.w.org\/{rel}","templated":true}]}}