{"id":10899,"date":"2023-07-02T16:36:40","date_gmt":"2023-07-02T16:36:40","guid":{"rendered":"https:\/\/www.puntal.com.ar\/silvina-luna\/intubaron-nuevamente-silvina-luna-complicaciones-su-salud-n194526"},"modified":"2023-07-02T16:36:40","modified_gmt":"2023-07-02T16:36:40","slug":"intubaron-nuevamente-a-silvina-luna-por-complicaciones-en-su-salud","status":"publish","type":"post","link":"https:\/\/latecordoba.com\/index.php\/2023\/07\/02\/intubaron-nuevamente-a-silvina-luna-por-complicaciones-en-su-salud\/","title":{"rendered":"Intubaron nuevamente a Silvina Luna por complicaciones en su salud"},"content":{"rendered":"\n<div><img decoding=\"async\" src=\"http:\/\/latecordoba.com\/wp-content\/uploads\/2023\/07\/intubaron-nuevamente-a-silvina-luna-por-complicaciones-en-su-salud.jpg\" class=\"ff-og-image-inserted\"><\/div>\n<div class=\"cuerpo\" data-twitter-link readability=\"49.926910299003\">\n<p> <strong>Los profesionales tomaron esa decisi\u00f3n ante los problemas que padece Luna en los pulmones, producto de una bacteria (KPC) que la debilit\u00f3 en los \u00faltimos d\u00edas.<\/strong><\/p>\n<p>La mujer, de 43 a\u00f1os, hab\u00eda experimentado una mejor\u00eda desde el jueves \u00faltimo, pero hoy decay\u00f3 y<strong> los m\u00e9dicos decidieron intubarla para que el organismo reciba el ox\u00edgeno necesario. <\/strong><\/p>\n<p>Por tal motivo, sus familiares y allegados volvieron a pedir una cadena de oraci\u00f3n para la modelo, cuyo estado es<strong> &#8220;reservado&#8221;,<\/strong> de acuerdo con el parte dado a conocer en la v\u00edspera.<\/p>\n<p><strong>La nota, firmada por la direcci\u00f3n m\u00e9dica del Hospital Italiano, de esta capital, indic\u00f3 que &#8220;la paciente Silvina Luna ingres\u00f3 el 13 de junio de 2023 al servicio de terapia intensiva de este hospital por un cuadro de encefalopat\u00eda de origen multicausal con necesidad de soporte ventilatorio&#8221;.<\/strong><\/p>\n<p><strong> Luna<\/strong> se encuentra internada a la espera de un trasplante de ri\u00f1\u00f3n, mientras el equipo m\u00e9dico intenta disminuir los efectos de la encefalopat\u00eda, que refiere a cualquier afecci\u00f3n que altera el normal funcionamiento del cerebro.<\/p>\n<p>Por su parte,<strong> Gustavo Conti<\/strong> -amigo de la modelo- escribi\u00f3 en sus redes sociales: &#8220;<strong>Quiero mandarles este mensaje para pedirles que refuercen sus oraciones para Silvina, que recemos por ella. Volvieron a intubarla, as\u00ed que pidamos por ella, para que Dios pueda ayudarla&#8221;.<\/strong> Adem\u00e1s, agareg\u00f3 que <strong>&#8220;la est\u00e1 peleando un mont\u00f3n, y no tenemos buenas noticias. Ayer estuvo bien, anteayer estuvo mejor, pero hoy las novedades no son buenas. Recemos por ella, hagamos fuerza con las oraciones, y tir\u00e9mosle buenas ondas, y buenas energ\u00edas para que pueda salir adelante&#8221;.<\/strong><\/p>\n<div contenteditable=\"false\" class=\"embed_cont type_freetext\" rel=\"freetext\" id=\"embed5837_wrap\" data-provider=\"Twitter\" readability=\"25.281767955801\">\n<p> https:\/\/twitter.com\/AgenciaElVigia\/status\/1675282841003864065<span onclick=\"parent.parent.TinyMCETdcuerpo.preview_embed('embed5837')\" class=\"embed_colapse less\" id=\"embed5837_colapse\"><\/span><span onclick=\"parent.parent.TinyMCETdcuerpo.delete_embed('embed5837')\" class=\"embed_delete less\" id=\"embed5837_delete\"><\/span><\/p>\n<\/p><\/div>\n<\/p><\/div>\n","protected":false},"excerpt":{"rendered":"<p>\nLa modelo se encuentra en estado &#8220;reservado&#8221;, por lo que sus familiares y amigos iniciaron una cadena de oraci\u00f3n.  <\/p>\n","protected":false},"author":1,"featured_media":10900,"comment_status":"closed","ping_status":"closed","sticky":false,"template":"","format":"standard","meta":[],"categories":[14],"tags":[],"_links":{"self":[{"href":"https:\/\/latecordoba.com\/index.php\/wp-json\/wp\/v2\/posts\/10899"}],"collection":[{"href":"https:\/\/latecordoba.com\/index.php\/wp-json\/wp\/v2\/posts"}],"about":[{"href":"https:\/\/latecordoba.com\/index.php\/wp-json\/wp\/v2\/types\/post"}],"author":[{"embeddable":true,"href":"https:\/\/latecordoba.com\/index.php\/wp-json\/wp\/v2\/users\/1"}],"replies":[{"embeddable":true,"href":"https:\/\/latecordoba.com\/index.php\/wp-json\/wp\/v2\/comments?post=10899"}],"version-history":[{"count":0,"href":"https:\/\/latecordoba.com\/index.php\/wp-json\/wp\/v2\/posts\/10899\/revisions"}],"wp:featuredmedia":[{"embeddable":true,"href":"https:\/\/latecordoba.com\/index.php\/wp-json\/wp\/v2\/media\/10900"}],"wp:attachment":[{"href":"https:\/\/latecordoba.com\/index.php\/wp-json\/wp\/v2\/media?parent=10899"}],"wp:term":[{"taxonomy":"category","embeddable":true,"href":"https:\/\/latecordoba.com\/index.php\/wp-json\/wp\/v2\/categories?post=10899"},{"taxonomy":"post_tag","embeddable":true,"href":"https:\/\/latecordoba.com\/index.php\/wp-json\/wp\/v2\/tags?post=10899"}],"curies":[{"name":"wp","href":"https:\/\/api.w.org\/{rel}","templated":true}]}}