{"id":10892,"date":"2023-07-03T02:33:15","date_gmt":"2023-07-03T02:33:15","guid":{"rendered":"https:\/\/viapais.com.ar\/cordoba\/diego-dabove-y-la-victoria-ante-belgrano-mas-cerca-de-lo-que-queremos-ver-de-instituto\/"},"modified":"2023-07-03T02:33:15","modified_gmt":"2023-07-03T02:33:15","slug":"diego-dabove-y-la-victoria-ante-belgrano-mas-cerca-de-lo-que-queremos-ver-de-instituto","status":"publish","type":"post","link":"https:\/\/latecordoba.com\/index.php\/2023\/07\/03\/diego-dabove-y-la-victoria-ante-belgrano-mas-cerca-de-lo-que-queremos-ver-de-instituto\/","title":{"rendered":"Diego Dabove y la victoria ante Belgrano: \u201cM\u00e1s cerca de lo que queremos ver de Instituto\u201d"},"content":{"rendered":"<br \/>\n<section readability=\"49.14\">\n<p>Asumi\u00f3 y le toc\u00f3 afrontar <b>el tramo m\u00e1s <\/b><a href=\"https:\/\/viapais.com.ar\/cordoba\/triunfazo-de-instituto-sobre-belgrano-las-rachas-y-como-quedaron-en-la-tabla\/\" target=\"_blank\" rel=\"noopener\"><b>complicado del fixture para un Instituto<\/b><\/a> que estaba en un baj\u00f3n. <a href=\"https:\/\/viapais.com.ar\/cordoba\/diego-dabove-explico-por-que-jorge-carranza-no-fue-titular-en-el-partido-de-instituto-racing\/\" target=\"_blank\" rel=\"noopener\"><b>Diego Dabove <\/b><\/a>confiaba en poder sacar al equipo a flote, como lo fue la<b> <\/b><a href=\"https:\/\/viapais.com.ar\/cordoba\/todo-lo-que-hay-que-saber-del-partido-instituto-belgrano-fecha-22-de-liga-profesional\/\" target=\"_blank\" rel=\"noopener\"><b>victoria sobre Belgrano 1 a 0<\/b><\/a> ante una multitud en el Kempes, por la fecha 22 de la Liga Profesional.<\/p>\n<article class=\"article card \">\n<div class=\"article-inner \">\n<div class=\"article-image \"><a href=\"https:\/\/viapais.com.ar\/cordoba\/adrian-martinez-festejo-en-el-instituto-belgrano-para-nosotros-era-un-clasico-ellos-no-sintieron-lo-mismo\/\" title=\"Adri\u00e1n Mart\u00ednez festej\u00f3 en el Instituto-Belgrano: \u201cPara nosotros era un cl\u00e1sico, ellos no sintieron lo mismo\u201d.\"><\/p>\n<figure><picture><img decoding=\"async\" alt=\"Adri\u00e1n Mart\u00ednez festej\u00f3 en el Instituto-Belgrano: \u201cPara nosotros era un cl\u00e1sico, ellos no sintieron lo mismo\u201d.\" class=\"lazyload block \" loading=\"lazy\" src=\"http:\/\/latecordoba.com\/wp-content\/uploads\/2023\/07\/diego-dabove-y-la-victoria-ante-belgrano-mas-cerca-de-lo-que-queremos-ver-de-instituto.png\" sizes=\"auto\" data-src=\"https:\/\/viapais.com.ar\/resizer\/qXLi9rybLT8vg9xEqMnVKwmpEdM=\/307x173\/smart\/filters:quality(75):format(webp)\/cloudfront-us-east-1.images.arcpublishing.com\/grupoclarin\/42SRG3SOTRDOVH5VJS6G567AKQ.JPG\" width=\"307px\" fetchpriority=\"low\" height=\"173px\"><\/picture><\/figure>\n<p><\/a><\/div>\n<\/div>\n<\/article>\n<p>\u201cHubo mucha <b>expectativa y adrenalina en la previa. Era muy importante para todos.<\/b> Muy contento por haber vivido un cl\u00e1sico. Desde lo t\u00e1ctico <b>hubo cosas que me gustaron mucho, sobre todo en lo defensivo<\/b>\u201d, remarc\u00f3 el DT Albirrojo en su su primera victoria desde que tom\u00f3 el tim\u00f3n.<\/p>\n<div class=\"story-embeded story-youtube\">\n<p><iframe loading=\"lazy\" width=\"560\" height=\"315\" src=\"https:\/\/www.youtube.com\/embed\/lugunIY4qng?feature=oembed\" frameborder=\"0\" allow=\"accelerometer; autoplay; clipboard-write; encrypted-media; gyroscope; picture-in-picture; web-share\" allowfullscreen title=\"Instituto vs Belgrano 1-0 Resumen y Goles | Liga Profesional 2023\">[embedded content]<\/iframe><\/p>\n<\/div>\n<article class=\"article card videoCard \">\n<div class=\"article-inner \">\n<div class=\"article-image \"><a href=\"https:\/\/viapais.com.ar\/cordoba\/como-quedo-la-tabla-de-los-clasicos-cordobeses-disputados-en-liga-profesional\/\" title=\"C\u00f3mo qued\u00f3 la tabla de los cl\u00e1sicos cordobeses disputados en Liga Profesional.\"><\/p>\n<figure><picture><img decoding=\"async\" alt=\"C\u00f3mo qued\u00f3 la tabla de los cl\u00e1sicos cordobeses disputados en Liga Profesional.\" class=\"lazyload block \" loading=\"lazy\" src=\"http:\/\/latecordoba.com\/wp-content\/uploads\/2023\/07\/diego-dabove-y-la-victoria-ante-belgrano-mas-cerca-de-lo-que-queremos-ver-de-instituto.png\" sizes=\"auto\" data-src=\"https:\/\/viapais.com.ar\/resizer\/FDo6NT-zQG0c604A-ESaZTEMUUA=\/307x173\/smart\/filters:quality(75):format(webp)\/cloudfront-us-east-1.images.arcpublishing.com\/grupoclarin\/XCPMJ2KOLZHRRKCEB6UPNY3A5M.jpg\" width=\"307px\" fetchpriority=\"low\" height=\"173px\"><\/picture><\/figure>\n<p><\/a><\/div>\n<\/div>\n<\/article>\n<p>\u201cIntentamos hacer<b> un partido inteligente en lo defensivo, e intentar bloquear las virtudes de Belgrano.<\/b> Los primeros 30 minutos<b> nos dio una sensaci\u00f3n de jugar en un nivel muy alto. Fue un partido de mucha complejidad, <\/b>y necesit\u00e1bamos ganar\u201d, analiz\u00f3 Dabove.<\/p>\n<figure><picture><img alt=\"Instituto derrot\u00f3 a Belgrano por uno a cero en el Kempes ( Ramiro Pereyra \/ La Voz) \" class=\"lazyload block \" loading=\"lazy\" sizes=\"auto\" data-src=\"http:\/\/latecordoba.com\/wp-content\/uploads\/2023\/07\/diego-dabove-y-la-victoria-ante-belgrano-mas-cerca-de-lo-que-queremos-ver-de-instituto.jpg\" width=\"1023px\" fetchpriority=\"low\" height=\"683px\"><\/picture><figcaption class>Instituto derrot\u00f3 a Belgrano por uno a cero en el Kempes ( Ramiro Pereyra \/ La Voz) Foto: Ramiro Pereyra<\/figcaption><\/figure>\n<p>\u201cEl equipo est\u00e1 en una etapa de<b> progresos en un mont\u00f3n de aspectos. Que Watson haya tenido el partido que tuvo, con todo el potencial que tiene<\/b>. Tuvo un gran partido en un contexto dif\u00edcil. Lo de <b>Gregorio Rodr\u00edguez tambi\u00e9n fue importante<\/b>\u201d, a\u00f1adi\u00f3.<\/p>\n<p>Y se ilusion\u00f3: \u201cHoy, sobre todo el primer tiempo,<b> est\u00e1 mucho m\u00e1s cerca de lo que queremos ver con Instituto. Un equipo protagonista. <\/b>Es lo que trabajamos en la semana. Partido a partido yo creo que vamos a seguir mejorando. Lo m\u00e1s importante<b> era ganar. era imprescindible\u201d.<\/b><\/p>\n<figure><picture><img alt=\"Instituto derrot\u00f3 a Belgrano por uno a cero en el Kempes ( Ramiro Pereyra \/ La Voz) \" class=\"lazyload block \" loading=\"lazy\" sizes=\"auto\" data-src=\"http:\/\/latecordoba.com\/wp-content\/uploads\/2023\/07\/diego-dabove-y-la-victoria-ante-belgrano-mas-cerca-de-lo-que-queremos-ver-de-instituto-1.jpg\" width=\"1023px\" fetchpriority=\"low\" height=\"682px\"><\/picture><figcaption class>Instituto derrot\u00f3 a Belgrano por uno a cero en el Kempes ( Ramiro Pereyra \/ La Voz) Foto: Ramiro Pereyra<\/figcaption><\/figure>\n<h2 class><b>FRANCO WATSON Y EL \u201cPARTIDO PERFECTO\u201d DE INSTITUTO<\/b><\/h2>\n<p>\u201c<b>Hicimos un partido perfecto.<\/b> Sab\u00edamos desde el primer momento que la idea era buscar los tres puntos y bueno, creo que lo hicimos de muy buena manera.<b> La clave fue siempre mantener la intensidad durante los 90 minutos.<\/b> Creo que fuimos un equipo muy intenso, el cual supimos que era un juego de tratar de <b>ganar la segunda pelota y de ah\u00ed recuperar y ataca<\/b>r y bueno lo hicimos de buena manera\u201d.<\/p>\n<figure><picture><img alt=\"Instituto derrot\u00f3 a Belgrano por uno a cero en el Kempes ( Ramiro Pereyra \/ La Voz) \" class=\"lazyload block \" loading=\"lazy\" sizes=\"auto\" data-src=\"http:\/\/latecordoba.com\/wp-content\/uploads\/2023\/07\/diego-dabove-y-la-victoria-ante-belgrano-mas-cerca-de-lo-que-queremos-ver-de-instituto-2.jpg\" width=\"1023px\" fetchpriority=\"low\" height=\"682px\"><\/picture><figcaption class>Instituto derrot\u00f3 a Belgrano por uno a cero en el Kempes ( Ramiro Pereyra \/ La Voz) Foto: Ramiro Pereyra<\/figcaption><\/figure>\n<p>El resumen de Franco Watson, figura de la celebrada victoria de Instituto sobre Belgrano. Sobre su rendimiento, apunt\u00f3: \u201cPartido a partido vamos<b> jugando con m\u00e1s confianza. El grupo me transmite eso en el d\u00eda a d\u00eda y en el partido a partido. Espero seguir respondi\u00e9ndole de esta manera<\/b>. Capaz los primeros partidos no encontr\u00e9 mi mejor versi\u00f3n, capaz me ten\u00eda que<b> acostumbrar un poco al juego de primera, a la velocidad de primera. <\/b>Me voy sintiendo mucho mejor\u201d.<\/p>\n<p>Para despu\u00e9s profundizar: \u201cEn lo personal, en lo individual<b> fue uno de los mejores partidos que me toc\u00f3 jugar. <\/b>El triunfo es sumamente importante, <b>era el envi\u00f3n an\u00edmico que est\u00e1bamos necesitando para poder levantar ahora en estos partidos que quedan, <\/b>sabemos que son todas finales\u201d.<\/p>\n<\/section>\n<div class=\"noreadme-audima\">\n<h2>Temas Relacionados<\/h2>\n<\/div>\n","protected":false},"excerpt":{"rendered":"<p>Asumi\u00f3 y le toc\u00f3 afrontar el tramo m\u00e1s complicado del fixture para un Instituto que estaba en un baj\u00f3n. Diego Dabove confiaba en poder sacar al equipo a flote, como lo fue la victoria sobre Belgrano 1 a 0 ante una multitud en el Kempes, por la fecha 22 de la Liga Profesional. \u201cHubo mucha [&hellip;]<\/p>\n","protected":false},"author":1,"featured_media":10893,"comment_status":"closed","ping_status":"closed","sticky":false,"template":"","format":"standard","meta":[],"categories":[15],"tags":[],"_links":{"self":[{"href":"https:\/\/latecordoba.com\/index.php\/wp-json\/wp\/v2\/posts\/10892"}],"collection":[{"href":"https:\/\/latecordoba.com\/index.php\/wp-json\/wp\/v2\/posts"}],"about":[{"href":"https:\/\/latecordoba.com\/index.php\/wp-json\/wp\/v2\/types\/post"}],"author":[{"embeddable":true,"href":"https:\/\/latecordoba.com\/index.php\/wp-json\/wp\/v2\/users\/1"}],"replies":[{"embeddable":true,"href":"https:\/\/latecordoba.com\/index.php\/wp-json\/wp\/v2\/comments?post=10892"}],"version-history":[{"count":0,"href":"https:\/\/latecordoba.com\/index.php\/wp-json\/wp\/v2\/posts\/10892\/revisions"}],"wp:featuredmedia":[{"embeddable":true,"href":"https:\/\/latecordoba.com\/index.php\/wp-json\/wp\/v2\/media\/10893"}],"wp:attachment":[{"href":"https:\/\/latecordoba.com\/index.php\/wp-json\/wp\/v2\/media?parent=10892"}],"wp:term":[{"taxonomy":"category","embeddable":true,"href":"https:\/\/latecordoba.com\/index.php\/wp-json\/wp\/v2\/categories?post=10892"},{"taxonomy":"post_tag","embeddable":true,"href":"https:\/\/latecordoba.com\/index.php\/wp-json\/wp\/v2\/tags?post=10892"}],"curies":[{"name":"wp","href":"https:\/\/api.w.org\/{rel}","templated":true}]}}