{"id":10887,"date":"2023-07-02T17:41:56","date_gmt":"2023-07-02T17:41:56","guid":{"rendered":"https:\/\/www.diariocronica.com.ar\/noticias\/2023\/07\/02\/82837-verstappen-gano-en-austria-y-estiro-aun-mas-su-ventaja-en-el-campeonato-de-la-formula-1"},"modified":"2023-07-02T17:41:56","modified_gmt":"2023-07-02T17:41:56","slug":"verstappen-gano-en-austria-y-estiro-aun-mas-su-ventaja-en-el-campeonato-de-la-formula-1","status":"publish","type":"post","link":"https:\/\/latecordoba.com\/index.php\/2023\/07\/02\/verstappen-gano-en-austria-y-estiro-aun-mas-su-ventaja-en-el-campeonato-de-la-formula-1\/","title":{"rendered":"Verstappen gan\u00f3 en Austria y estir\u00f3 a\u00fan m\u00e1s su ventaja en el campeonato de la F\u00f3rmula 1"},"content":{"rendered":"\n<div class=\"media_block\"><a href=\"http:\/\/latecordoba.com\/wp-content\/uploads\/2023\/07\/verstappen-gano-en-austria-y-estiro-aun-mas-su-ventaja-en-el-campeonato-de-la-formula-1.jpg\"><img decoding=\"async\" src=\"http:\/\/latecordoba.com\/wp-content\/uploads\/2023\/07\/verstappen-gano-en-austria-y-estiro-aun-mas-su-ventaja-en-el-campeonato-de-la-formula-1.jpg\" class=\"media_thumbnail\"><\/a><\/div>\n<div><img decoding=\"async\" src=\"http:\/\/latecordoba.com\/wp-content\/uploads\/2023\/07\/verstappen-gano-en-austria-y-estiro-aun-mas-su-ventaja-en-el-campeonato-de-la-formula-1.jpg\" class=\"ff-og-image-inserted\"><\/div>\n<p>\nRed Bull consigui\u00f3 la novena victoria en nueve carreras disputadas en la temporada.\n<\/p>\n<div readability=\"77\">\n<p><strong>Max Verstappen se qued\u00f3 hoy con el Gran Premio de Austria<\/strong>&nbsp;tras partir desde la pole position y con la vuelta m\u00e1s r\u00e1pida, para la d\u00e9cima victoria consecutiva de Red Bull y la novena en nueve carreras en esta temporada de la F\u00f3rmula 1.<\/p>\n<p>Verstappen, que tambi\u00e9n gan\u00f3 la carrera sprint de 100 kil\u00f3metros del s\u00e1bado y sali\u00f3 del Red Bull Ring de Spielberg con el m\u00e1ximo de puntos,&nbsp;<strong>estir\u00f3 su ventaja sobre su compa\u00f1ero de equipo, el mexicano Sergio P\u00e9rez, a 81 puntos con su quinta victoria consecutiva.&nbsp;<\/strong>Fue tambi\u00e9n la s\u00e9ptima de la campa\u00f1a dominante del piloto neerland\u00e9s, que se acerca cada vez m\u00e1s a su tercer t\u00edtulo.<\/p>\n<p><strong>Charles Leclerc<\/strong>&nbsp;fue segundo, a cinco segundos, en el podio n\u00famero 800 de Ferrari, mientras que P\u00e9rez luch\u00f3 desde la decimoquinta posici\u00f3n en la largada para llegar tercero, en una carrera plagada de penalizaciones de tiempo, ya que los pilotos superaron repetidamente los l\u00edmites de la pista<\/p>\n<p><strong>&#8220;Una carrera incre\u00edble, el coche estaba en llamas hoy&#8221;<\/strong>, dijo en la comunicaci\u00f3n por radio con su equipo Verstappen, cuyo triunfo fue el n\u00famero 42 de su carrera, una m\u00e1s que las alcanzadas por el fallecido m\u00edtico piloto brasile\u00f1o Ayrton Senna. Tambi\u00e9n fue su quinto \u00e9xito en el Red Bull Ring, m\u00e1s que cualquier otro piloto, y le dej\u00f3 con m\u00e1s de tres victorias de ventaja sobre P\u00e9rez.<\/p>\n<p><strong>&#8220;Estoy disfrutando del momento conduciendo este coche y trabajando con este equipo. El fin de semana del sprint siempre es agitado y muchas cosas pueden salir mal, pero por suerte muchas cosas salieron bien&#8221;<\/strong>, asegur\u00f3 Verstappen.<\/p>\n<p><strong>Carlos Sainz<\/strong>&nbsp;fue cuarto con Ferrari,&nbsp;<strong>Lando Norris<\/strong>&nbsp;quinto con McLaren y&nbsp;<strong>Fernando Alonso<\/strong>&nbsp;sexto con Aston Martin. El siete veces campe\u00f3n del mundo&nbsp;<strong>Lewis Hamilton<\/strong>&nbsp;fue s\u00e9ptimo para Mercedes, con su compa\u00f1ero de equipo&nbsp;<strong>George Russell<\/strong>&nbsp;octavo, y&nbsp;<strong>Pierre Gasly<\/strong>&nbsp;fue noveno para Alpine, al tiempo que&nbsp;<strong>Lance Stroll<\/strong>&nbsp;sum\u00f3 el \u00faltimo punto para Aston Martin.<\/p>\n<p>Hamilton fue uno de los pilotos a los que se mostr\u00f3 una bandera blanca y negra de advertencia por sobrepasar las l\u00edneas blancas con las cuatro ruedas, lo que le supuso una penalizaci\u00f3n de cinco segundos.<\/p>\n<p><strong>&#8220;No puedo mantenerlo en la pista, el coche no gira&#8221;<\/strong>, manifest\u00f3 Hamilton a su equipo cuando le advirtieron de la infracci\u00f3n.<\/p>\n<p>Sainz y Gasly tambi\u00e9n fueron penalizados con cinco segundos, al igual que Esteban Ocon, de Alpine, Alex Albon, de Williams, y Yuki Tsunoda, de AlphaTauri.<br \/>Nico Hulkenberg fue el \u00fanico abandono: el alem\u00e1n se sali\u00f3 y se detuvo en la vuelta 14 con humo saliendo del motor de su Haas. &#8220;\u00c9l perdi\u00f3 potencia&#8221;, expres\u00f3 luego. (NA)<\/p>\n<\/div>\n","protected":false},"excerpt":{"rendered":"\n<div class=\"media_block\"><a href=\"http:\/\/latecordoba.com\/wp-content\/uploads\/2023\/07\/verstappen-gano-en-austria-y-estiro-aun-mas-su-ventaja-en-el-campeonato-de-la-formula-1.jpg\"><img decoding=\"async\" src=\"http:\/\/latecordoba.com\/wp-content\/uploads\/2023\/07\/verstappen-gano-en-austria-y-estiro-aun-mas-su-ventaja-en-el-campeonato-de-la-formula-1.jpg\" class=\"media_thumbnail\"><\/a><\/div>\n<p>Red Bull consigui\u00f3 la novena victoria en nueve carreras disputadas en la temporada.  <\/p>\n","protected":false},"author":1,"featured_media":10888,"comment_status":"closed","ping_status":"closed","sticky":false,"template":"","format":"standard","meta":[],"categories":[17],"tags":[],"_links":{"self":[{"href":"https:\/\/latecordoba.com\/index.php\/wp-json\/wp\/v2\/posts\/10887"}],"collection":[{"href":"https:\/\/latecordoba.com\/index.php\/wp-json\/wp\/v2\/posts"}],"about":[{"href":"https:\/\/latecordoba.com\/index.php\/wp-json\/wp\/v2\/types\/post"}],"author":[{"embeddable":true,"href":"https:\/\/latecordoba.com\/index.php\/wp-json\/wp\/v2\/users\/1"}],"replies":[{"embeddable":true,"href":"https:\/\/latecordoba.com\/index.php\/wp-json\/wp\/v2\/comments?post=10887"}],"version-history":[{"count":0,"href":"https:\/\/latecordoba.com\/index.php\/wp-json\/wp\/v2\/posts\/10887\/revisions"}],"wp:featuredmedia":[{"embeddable":true,"href":"https:\/\/latecordoba.com\/index.php\/wp-json\/wp\/v2\/media\/10888"}],"wp:attachment":[{"href":"https:\/\/latecordoba.com\/index.php\/wp-json\/wp\/v2\/media?parent=10887"}],"wp:term":[{"taxonomy":"category","embeddable":true,"href":"https:\/\/latecordoba.com\/index.php\/wp-json\/wp\/v2\/categories?post=10887"},{"taxonomy":"post_tag","embeddable":true,"href":"https:\/\/latecordoba.com\/index.php\/wp-json\/wp\/v2\/tags?post=10887"}],"curies":[{"name":"wp","href":"https:\/\/api.w.org\/{rel}","templated":true}]}}