{"id":1088,"date":"2023-02-14T15:44:00","date_gmt":"2023-02-14T15:44:00","guid":{"rendered":"https:\/\/viapais.com.ar\/san-luis\/se-cumplen-20-meses-de-la-desaparicion-de-guadalupe-lucero-en-san-luis\/"},"modified":"2023-02-14T15:44:00","modified_gmt":"2023-02-14T15:44:00","slug":"se-cumplen-20-meses-de-la-desaparicion-de-guadalupe-lucero-en-san-luis","status":"publish","type":"post","link":"https:\/\/latecordoba.com\/index.php\/2023\/02\/14\/se-cumplen-20-meses-de-la-desaparicion-de-guadalupe-lucero-en-san-luis\/","title":{"rendered":"Se cumplen 20 meses de la desaparici\u00f3n de Guadalupe Lucero en San Luis"},"content":{"rendered":"<br \/>\n<section readability=\"37.00739476678\">\n<p>Este martes, tristemente, se convierte en otro \u201c14\u2033 que pasa sin tener novedades sobre <a href=\"https:\/\/viapais.com.ar\/san-luis\/guadalupe-lucero-cumple-7-anos-pero-hace-casi-20-meses-que-no-esta-en-su-casa\/\" target=\"_blank\" rel=\"noopener\">Guadalupe Lucero<\/a>, la peque\u00f1a que desapareci\u00f3 en el barrio 544 Viviendas de <a href=\"https:\/\/viapais.com.ar\/san-luis\/descubri-paso-grande-una-joya-desconocida-del-noroeste-de-san-luis\/\" target=\"_blank\" rel=\"noopener\">San Luis<\/a> mientras jugaba en un descampado.<\/p>\n<article class=\"article card \">\n<div class=\"article-inner \">\n<div class=\"article-image \"><a href=\"https:\/\/viapais.com.ar\/san-luis\/la-mama-de-guadalupe-lucero-compartio-el-video-del-ultimo-cumpleanos-que-paso-con-su-hija-feliz-7-anos-donde-sea-que-estes\/\" title=\"Guadalupe Lucero\"><\/p>\n<figure><picture><img decoding=\"async\" loading=\"lazy\" alt=\"Guadalupe Lucero\" class=\"lazyload block \" src=\"http:\/\/latecordoba.com\/wp-content\/uploads\/2023\/02\/se-cumplen-20-meses-de-la-desaparicion-de-guadalupe-lucero-en-san-luis.png\" sizes=\"auto\" data-src=\"https:\/\/viapais.com.ar\/resizer\/1FlY4E2FXsKWiVbUquslShw1tzQ=\/307x173\/smart\/filters:quality(75):format(webp)\/cloudfront-us-east-1.images.arcpublishing.com\/grupoclarin\/H63XVDNQENHP5N2UNITUN7UQF4.png\" width=\"307px\" height=\"173px\"><\/picture><\/figure>\n<p><\/a><\/div>\n<\/div>\n<\/article>\n<p><b>Otro 14 que pasa y las novedades sobre la causa siguen siendo nulas<\/b>, como cada mes que se aleja de su fecha de desaparici\u00f3n. Aquel terrible <b>14 de junio de 2021<\/b>, una mujer habr\u00eda secuestrado a la ni\u00f1a en su moto y nunca m\u00e1s se sabr\u00eda algo de ella.<\/p>\n<p><b>Su familia lucha<\/b>,<b> San Luis recuerda<\/b>,<b> la Justicia Federal investiga<\/b>, <b>pero el caso de Guadalupe no avanza<\/b>. Hace meses que no hay noticias sobre la peque\u00f1a y las esperanzas parecen dilucidarse a medida que corren los d\u00edas.<\/p>\n<p>Sin embargo, su familia sigue firme y la esperanza ser\u00e1 lo \u00faltimo que morir\u00e1 antes de encontrar a la peque\u00f1a, quien <a href=\"https:\/\/viapais.com.ar\/san-luis\/la-mama-de-guadalupe-lucero-compartio-el-video-del-ultimo-cumpleanos-que-paso-con-su-hija-feliz-7-anos-donde-sea-que-estes\/\" target=\"_blank\" rel=\"noopener\">el pasado 8 de febrero cumpli\u00f3 sus 7 a\u00f1itos<\/a>, lejos de su casa, sin sus seres queridos.<\/p>\n<figure><picture><img alt=\"La mam\u00e1 de Guadalupe Lucero comparti\u00f3 fotos y videos del cumple de 5 a\u00f1os.\" class=\"lazyload block \" sizes=\"auto\" data-src=\"http:\/\/latecordoba.com\/wp-content\/uploads\/2023\/02\/se-cumplen-20-meses-de-la-desaparicion-de-guadalupe-lucero-en-san-luis.jpg\" width=\"1023px\" height=\"575px\"><\/picture><figcaption class>La mam\u00e1 de Guadalupe Lucero comparti\u00f3 fotos y videos del cumple de 5 a\u00f1os. Foto: Facebook<\/figcaption><\/figure>\n<h2 class><b>\u00bfQU\u00c9 LE PAS\u00d3 A GUADALUPE LUCERO?<\/b><\/h2>\n<p>Seg\u00fan testimonios de dos menores que estaban con \u201cGuada\u201d el d\u00eda que desapareci\u00f3, <b>una mujer en moto se la habr\u00eda llevado mientras jugaba en un descampado del barrio 544 Viviendas de la ciudad de San Luis<\/b>, el 14 de junio de 2021 por la tarde.<\/p>\n<p>El problema es que estos testimonios corresponden a una ni\u00f1a de 3 a\u00f1os y a una adolescente con discapacidad, por lo que este hecho no pudo ser comprobado al 100% por la Justicia.<\/p>\n<p>\u201c<a href=\"https:\/\/viapais.com.ar\/san-luis\/mi-hija-vio-como-se-llevaron-a-guadalupe-lucero\/\" target=\"_blank\" rel=\"noopener\">Mi hija vio c\u00f3mo se llevaron a Guadalupe<\/a>\u201d, hab\u00eda afirmado la mam\u00e1 de la joven discapacitada, quien hizo en su momento un extenso y crudo relato sobre aquella tarde noche.<\/p>\n<\/section>\n<div class=\"noreadme-audima\">\n<h2>Temas Relacionados<\/h2>\n<\/div>\n","protected":false},"excerpt":{"rendered":"<p>Este martes, tristemente, se convierte en otro \u201c14\u2033 que pasa sin tener novedades sobre Guadalupe Lucero, la peque\u00f1a que desapareci\u00f3 en el barrio 544 Viviendas de San Luis mientras jugaba en un descampado. Otro 14 que pasa y las novedades sobre la causa siguen siendo nulas, como cada mes que se aleja de su fecha [&hellip;]<\/p>\n","protected":false},"author":1,"featured_media":1089,"comment_status":"closed","ping_status":"closed","sticky":false,"template":"","format":"standard","meta":[],"categories":[15],"tags":[],"_links":{"self":[{"href":"https:\/\/latecordoba.com\/index.php\/wp-json\/wp\/v2\/posts\/1088"}],"collection":[{"href":"https:\/\/latecordoba.com\/index.php\/wp-json\/wp\/v2\/posts"}],"about":[{"href":"https:\/\/latecordoba.com\/index.php\/wp-json\/wp\/v2\/types\/post"}],"author":[{"embeddable":true,"href":"https:\/\/latecordoba.com\/index.php\/wp-json\/wp\/v2\/users\/1"}],"replies":[{"embeddable":true,"href":"https:\/\/latecordoba.com\/index.php\/wp-json\/wp\/v2\/comments?post=1088"}],"version-history":[{"count":0,"href":"https:\/\/latecordoba.com\/index.php\/wp-json\/wp\/v2\/posts\/1088\/revisions"}],"wp:featuredmedia":[{"embeddable":true,"href":"https:\/\/latecordoba.com\/index.php\/wp-json\/wp\/v2\/media\/1089"}],"wp:attachment":[{"href":"https:\/\/latecordoba.com\/index.php\/wp-json\/wp\/v2\/media?parent=1088"}],"wp:term":[{"taxonomy":"category","embeddable":true,"href":"https:\/\/latecordoba.com\/index.php\/wp-json\/wp\/v2\/categories?post=1088"},{"taxonomy":"post_tag","embeddable":true,"href":"https:\/\/latecordoba.com\/index.php\/wp-json\/wp\/v2\/tags?post=1088"}],"curies":[{"name":"wp","href":"https:\/\/api.w.org\/{rel}","templated":true}]}}