{"id":10879,"date":"2023-07-02T00:12:13","date_gmt":"2023-07-02T00:12:13","guid":{"rendered":"https:\/\/www.lapoliticaonline.com\/provincia\/alak-apuesta-a-un-pasado-nostalgico-para-ganarle-a-garro-en-la-plata\/"},"modified":"2023-07-02T00:12:13","modified_gmt":"2023-07-02T00:12:13","slug":"alak-apuesta-a-un-pasado-nostalgico-para-ganarle-a-garro-en-la-plata","status":"publish","type":"post","link":"https:\/\/latecordoba.com\/index.php\/2023\/07\/02\/alak-apuesta-a-un-pasado-nostalgico-para-ganarle-a-garro-en-la-plata\/","title":{"rendered":"Alak apuesta a un pasado nost\u00e1lgico para ganarle a Garro en La Plata"},"content":{"rendered":"\n<div><img decoding=\"async\" src=\"http:\/\/latecordoba.com\/wp-content\/uploads\/2023\/07\/alak-apuesta-a-un-pasado-nostalgico-para-ganarle-a-garro-en-la-plata.png\" class=\"ff-og-image-inserted\"><\/div>\n<div id=\"vsmcontent\" readability=\"159.12563667233\">\n<p>A 16 a\u00f1os de su \u00faltima elecci\u00f3n, Julio Alak volver\u00e1 a ponerse al frente de una campa\u00f1a para gobernar la ciudad de La Plata. El ministro de Justicia bonaerense volver\u00e1 al ruedo electoral en la capital provincial para enfrentar a Julio Garro, el intendente del PRO que va por su tercer mandato.<\/p>\n<p>En la antesala a una campa\u00f1a que promete ser fren\u00e9tica, desde el alakismo salieron a promover un pasado nost\u00e1lgico. Una construcci\u00f3n que retoma los momentos de gloria del ex intendente y que por momento roza la est\u00e9tica <i>kitsh<\/i>.<\/p>\n<p>En los \u00faltimos d\u00edas, en redes y apps de mensajer\u00eda circularon recortes period\u00edsticos, memes y fotograf\u00edas que rememoran los 16 a\u00f1os de gesti\u00f3n del ministro en la capital provincial.<\/p>\n<p>Quiz\u00e1s el elemento m\u00e1s ic\u00f3nico de esos a\u00f1os es el CD que se distribuy\u00f3 en la campa\u00f1a de 1999, un compilado de las canciones que por esos d\u00edas sonaban en las radios. La movida incluy\u00f3 la distribuci\u00f3n de miles y miles de copias y fue furor entre los m\u00e1s j\u00f3venes.<\/p>\n<p><a href=\"https:\/\/www.lapoliticaonline.com\/tools\/redirect.php?t=3&amp;i=262093&amp;s=60163c193a7fe7f1eb1df3a3e28abf8c\" class=\"link-type-content content-type-noticia-ar\">Alak ser\u00e1 candidato a intendente de La Plata pero deber\u00e1 enfrentar una interna de cuatro listas&nbsp;<\/a><\/p>\n<p>Ese disco se convirti\u00f3 en una especie de objeto de culto en la ciudad. Hasta hace pocos a\u00f1os, algunas copias se vend\u00edan en Mercado Libre. La movida fue ingeniosa toda vez que eran tiempos donde las plataformas de streaming a\u00fan estaban lejos. Hoy, ese disco se lo puede escuchar en <a href=\"https:\/\/open.spotify.com\/playlist\/6P860ZTpE2OiwVoDkD1ldl?si=64ac494970204f1d\" target=\"_blank\" rel=\"noopener\">Spotify<\/a>&nbsp; y <a href=\"https:\/\/youtu.be\/Vd7kuOqmAcA\" target=\"_blank\" rel=\"noopener\">YouTube<\/a>.<\/p>\n<p>En la portada del disco se puede ver a un joven Alak con el bigote que lo distingu\u00eda en esos a\u00f1os. Fondo azul oscuro (asociado al peronismo de entonces) y letras en blanco con la frase: &#8220;Alak intendente. Piensa en vos&#8221;. Adentro inclu\u00eda textos dirigido a los m\u00e1s j\u00f3venes y canciones de Los Reyes del Ritmo, El Cubano, Banda Isabel, King Africa y m\u00e1s.<\/p>\n<p>Nadie en La Plata da precisiones sobre esa movida. \u00bfD\u00f3nde se grab\u00f3 el CD? \u00bfQui\u00e9n compil\u00f3 esas canciones? \u00bfSe pagaron derechos de autor? Probablemente todo el proceso haya tenido ribetes parecidos a la locura de los hermanos Frattasio en el N\u00e1poles de los 80 que se narran en la pel\u00edcula Mixed By Erry.<\/p>\n<p>Tras el fren\u00e9tico cierre de listas del \u00faltimo s\u00e1bado, el primer video que el equipo de campa\u00f1a de Alak hizo circular por las redes rememora esos a\u00f1os de gloria. Desde sus usinas del ministro lanzaron un spot que muestra fotos actuales mezcladas con las de sus \u00e9pocas de intendente. En el spot suena la canci\u00f3n El Amor Despu\u00e9s del Amor, de Fito P\u00e1ez. <\/p>\n<p>Ese disco atraves\u00f3 la gesti\u00f3n el intendente. El \u00e1lbum sali\u00f3 a la venta en los primeros meses de 1992 y ese mismo a\u00f1o Alak logr\u00f3 que P\u00e1ez tocara gratis en la ic\u00f3nica Plaza Moreno, frente a la Catedral. El recital fue hist\u00f3rico y un hito en la gesti\u00f3n cultural del entonces intendente.<\/p>\n<p>La cuenta de Instagram <a href=\"https:\/\/www.instagram.com\/elcddealak\/\" target=\"_blank\" rel=\"noopener\">El CD de Alak<\/a> rememora todo este universo vintage. Un posteo emula incluso el poster de la serie El Amor Despu\u00e9s del Amor con el t\u00edtulo \u2018Alak despu\u00e9s de Alak&#8217;.<\/p>\n<p>Encabezar una campa\u00f1a en La Plata es un desaf\u00edo interesante para un dirigente que dej\u00f3 la pol\u00edtica local hace 16 a\u00f1os. Lo m\u00e1s complejo ser\u00e1 llegar a los m\u00e1s j\u00f3venes. Es que seg\u00fan las encuestas en ese universo del electorado se disparan sus niveles de desconocimiento. Probablemente ese sea el sentido una pre campa\u00f1a vinculada a la est\u00e9tica retro y cercana a la m\u00fasica.<\/p>\n<p>El ministro de Kicillof gobern\u00f3 la ciudad durante 16 a\u00f1os, desde 1991 hasta 2007, a\u00f1o en el que perdi\u00f3 con Pablo Bruera. Desde entonces pas\u00f3 por varios cargos ejecutivos: fue presidente de Aerol\u00edneas Argentinas y luego ministro de Justicia de la Naci\u00f3n. Cuando Kicillof asumi\u00f3 al frente del gobierno bonaerense pas\u00f3 a ocupar el ministerio de Justicia de la provincia.<\/p>\n<p>En la Casa de Gobierno convenci\u00f3 al Gobernador de que hab\u00eda que ordenar al peronismo de La Plata que desde 2015 acumula derrotas frente al PRO. Por eso, Kicillof viene desde hace meses traccionando por su candidatura.<\/p>\n<p>Pulse\u00f3 con la ministra de Cultura, Florencia Saintout, y finalmente se qued\u00f3 con la candidatura (Saintout ser\u00e1 candidata a senadora provincial). Pero no antes tendr\u00e1 que sortear una interna con otras cuatro listas. <\/p>\n<p>Paula Lambertini, Gast\u00f3n Castagneto, Guillermo Escudero y Luis Arias presentaron lista para competir en la PASO de Uni\u00f3n por la Patria. En principio la interna no supone un problema, son espacios chicos que no lograron quedar contenidos en el cierre. Adem\u00e1s, tendr\u00e1 parte de la estructura de Kicillof.<\/p>\n<p>Lambertini es concejal y funcionaria de la Anses y cuenta con un armado territorial s\u00f3lido en la periferia. Gast\u00f3n Castagneto es hijo de Carlos Castagneto, y es curioso porque el titular de la Afip ocupa un lugar importante en la lista de diputados nacionales. Aun as\u00ed empuj\u00f3 a su hijo a la interna frente a Alak.<\/p>\n<p>Guillermo Escudero es un referente de Pablo Bruera y cuenta con parte de la estructura que alguna vez supo tener el ex intendente de La Plata. Por \u00faltimo, el ex juez Luis Arias recala en el armado de Juan Grabois. En 2021 encabez\u00f3 la lista de concejales del Frente de Todos y en esta elecci\u00f3n quiso pelear por la candidatura a la intendencia.<\/p>\n<p>Seg\u00fan pudo saber LPO, no hubo intentos por parte de Alak de bajar esas listas. El principal desaf\u00edo es que despu\u00e9s de la PASO, esos sectores se sumen la campa\u00f1a hacia octubre para ganarle al PRO.&nbsp;<\/p>\n<\/div>\n<p><strong>Copyright La Politica Online SA 2023.<\/strong><br \/>Por favor no corte ni pegue en la web nuestras notas, tiene la posibilidad de redistribuirlas usando nuestras herramientas.<\/p>\n","protected":false},"excerpt":{"rendered":"<p> En la previa a la campa\u00f1a, desde su entorno rememoran algunos momentos de su gesti\u00f3n en los 90.  <\/p>\n","protected":false},"author":1,"featured_media":10880,"comment_status":"closed","ping_status":"closed","sticky":false,"template":"","format":"standard","meta":[],"categories":[18],"tags":[],"_links":{"self":[{"href":"https:\/\/latecordoba.com\/index.php\/wp-json\/wp\/v2\/posts\/10879"}],"collection":[{"href":"https:\/\/latecordoba.com\/index.php\/wp-json\/wp\/v2\/posts"}],"about":[{"href":"https:\/\/latecordoba.com\/index.php\/wp-json\/wp\/v2\/types\/post"}],"author":[{"embeddable":true,"href":"https:\/\/latecordoba.com\/index.php\/wp-json\/wp\/v2\/users\/1"}],"replies":[{"embeddable":true,"href":"https:\/\/latecordoba.com\/index.php\/wp-json\/wp\/v2\/comments?post=10879"}],"version-history":[{"count":0,"href":"https:\/\/latecordoba.com\/index.php\/wp-json\/wp\/v2\/posts\/10879\/revisions"}],"wp:featuredmedia":[{"embeddable":true,"href":"https:\/\/latecordoba.com\/index.php\/wp-json\/wp\/v2\/media\/10880"}],"wp:attachment":[{"href":"https:\/\/latecordoba.com\/index.php\/wp-json\/wp\/v2\/media?parent=10879"}],"wp:term":[{"taxonomy":"category","embeddable":true,"href":"https:\/\/latecordoba.com\/index.php\/wp-json\/wp\/v2\/categories?post=10879"},{"taxonomy":"post_tag","embeddable":true,"href":"https:\/\/latecordoba.com\/index.php\/wp-json\/wp\/v2\/tags?post=10879"}],"curies":[{"name":"wp","href":"https:\/\/api.w.org\/{rel}","templated":true}]}}