{"id":10873,"date":"2023-06-30T12:55:00","date_gmt":"2023-06-30T12:55:00","guid":{"rendered":"https:\/\/www.iprofesional.com\/management\/384329-universidad-siglo-21-tiene-nueva-rectora"},"modified":"2023-06-30T12:55:00","modified_gmt":"2023-06-30T12:55:00","slug":"recambio-de-autoridades-universidad-siglo-21-nombra-nueva-rectora","status":"publish","type":"post","link":"https:\/\/latecordoba.com\/index.php\/2023\/06\/30\/recambio-de-autoridades-universidad-siglo-21-nombra-nueva-rectora\/","title":{"rendered":"Recambio de autoridades: Universidad Siglo 21 nombra nueva rectora"},"content":{"rendered":"\n<div class=\"media_block\"><img decoding=\"async\" src=\"http:\/\/latecordoba.com\/wp-content\/uploads\/2023\/07\/recambio-de-autoridades-universidad-siglo-21-nombra-nueva-rectora.jpg\"><\/div>\n<div id>\n<p> La Universidad Siglo 21 llev\u00f3 adelante el Acto Acad\u00e9mico de Asunci\u00f3n de la nueva Rectora de la instituci\u00f3n, Mag\u00edster Laura Rosso <\/p>\n<p>Por <strong>iProfesional<\/strong><\/p>\n<p><strong>30\/06\/2023<\/strong> &#8211; 09,55hs<\/p>\n<div class=\"image-container img-wide padding-b\"> <picture><source media=\"(min-width:650px)\" srcset=\"http:\/\/latecordoba.com\/wp-content\/uploads\/2023\/07\/recambio-de-autoridades-universidad-siglo-21-nombra-nueva-rectora.webp\" class=\"lazyload\"><source media=\"(min-width:465px)\" srcset=\"http:\/\/latecordoba.com\/wp-content\/uploads\/2023\/07\/recambio-de-autoridades-universidad-siglo-21-nombra-nueva-rectora.webp\" class=\"lazyload\"><img decoding=\"async\" loading=\"lazy\" src=\"http:\/\/latecordoba.com\/wp-content\/uploads\/2023\/07\/recambio-de-autoridades-universidad-siglo-21-nombra-nueva-rectora.webp\" class=\"lazyload\" alt=\"Recambio de autoridades: Universidad Siglo 21 nombra nueva rectora\" width=\"160\" height=\"714px\"> <\/picture> <\/div>\n<\/p><\/div>\n<div readability=\"126.9256583547\">\n<p>La <a href=\"https:\/\/www.iprofesional.com\/management\/381398-cuanto-cuesta-universidad-siglo-21-en-2023-cuota-y-matricula\" target=\"_blank\" rel=\"noopener\">Universidad Siglo 21<\/a> realiz\u00f3 la ceremonia de<strong> traspaso de autoridades<\/strong>, destacando la trayectoria de la Mgter. Mar\u00eda Bel\u00e9n Mend\u00e9 durante sus tres per\u00edodos rectorales y presentando a la s\u00e9ptima Rectora de la instituci\u00f3n, Mgter. Laura Rosso, quien asumir\u00e1 el liderazgo de la misi\u00f3n institucional junto al cuerpo directivo y acad\u00e9mico desde el 1\u00b0 de julio del 2023.\n<\/p>\n<p>El acto acad\u00e9mico se desarroll\u00f3 el 29 de junio en el Campus de Siglo 21 en la Ciudad de C\u00f3rdoba.\n<\/p>\n<h2>Bio de l\u00edder<\/h2>\n<p><span>La Mgter. Laura Rosso (en foto principal) es la primera egresada de Universidad Siglo 21, entre los m\u00e1s de 77 mil que alcanzaron su t\u00edtulo universitario en la instituci\u00f3n<\/span>. Transit\u00f3 gran parte de su recorrido profesional en esta Casa de Altos Estudios desempe\u00f1\u00e1ndose como Directora de Carrera, Vicerrectora de Asuntos Acad\u00e9micos y Secretaria General de Academia y Desarrollo.\n<\/p>\n<p>Se <strong>especializa en gesti\u00f3n de ecosistemas educativos y docencia universitaria<\/strong>, desde hace m\u00e1s de 10 a\u00f1os, se dedica el dise\u00f1o de entornos innovadores para el aprendizaje y la incorporaci\u00f3n de recursos tecnol\u00f3gicos que potencien la experiencia educativa como base de la innovaci\u00f3n humana.\n<\/p>\n<p>Como Rectora, asume el compromiso de profundizar el desarrollo de la Universidad desde sus valores fundacionales como instituci\u00f3n laica, democr\u00e1tica y trascendente con la misi\u00f3n de formar ciudadanos comprometidos y l\u00edderes emprendedores capaces de transformar su entorno.\n<\/p>\n<p>Durante el acto, la flamante nueva Rectora de la Universidad, expres\u00f3: &#8220;En mi persona, en mis valores, creencias y convicci\u00f3n viven la misi\u00f3n, la visi\u00f3n y el prop\u00f3sito de Siglo 21. Estar\u00e9 al servicio de esta talentosa comunidad para dar continuidad impulsando el crecimiento, desarrollo, liderazgo y prestigio de Universidad Siglo 21&#8221;.\n<\/p>\n<h2>La trayectoria de Bel\u00e9n Mend\u00e9<\/h2>\n<div class=\"imagen\" readability=\"7\"><img decoding=\"async\" loading=\"lazy\" class=\"lazyload\" src=\"http:\/\/latecordoba.com\/wp-content\/uploads\/2023\/07\/recambio-de-autoridades-universidad-siglo-21-nombra-nueva-rectora-1.jpg\" alt=\"Laura Rosso y Mar\u00eda Bel\u00e9n Mend\u00e9\" width=\"879\" height=\"495\"><\/p>\n<p>Laura Rosso y Mar\u00eda Bel\u00e9n Mend\u00e9<\/p>\n<\/div>\n<p>Con este traspaso, la Universidad finaliza una etapa muy significativa con la culminaci\u00f3n del rectorado de <strong>Mar\u00eda Bel\u00e9n Mend\u00e9, quien lider\u00f3 la instituci\u00f3n por m\u00e1s de 9 a\u00f1os<\/strong> y ahora se desempe\u00f1ar\u00e1 como Vicepresidenta del Consejo de Administraci\u00f3n y Board Director de Inteligencia e Innovaci\u00f3n de Universidad Siglo 21, Vicepresidenta del Grupo Educativo R\u2019 Evolution y Presidenta de Scaled University Network.\n<\/p>\n<p>&#8220;Dejo una instituci\u00f3n robusta, proyectada al futuro, innovadora y l\u00edder, una instituci\u00f3n con los m\u00e1s elevados est\u00e1ndares de calidad en su Academia y con un colectivo humano incre\u00edble&#8221; expres\u00f3 Mar\u00eda Bel\u00e9n Mend\u00e9 en el marco de la ceremonia de traspaso.\n<\/p>\n<p><span>Durante el per\u00edodo rectoral de Mar\u00eda Bel\u00e9n Mend\u00e9, Siglo 21 se convirti\u00f3 en la Universidad privada m\u00e1s elegida del pa\u00eds y la octava con mayor cantidad de estudiantes en Latinoam\u00e9rica con m\u00e1s de 85 mil estudiantes y m\u00e1s de 77 mil egresados\/as. <\/span>\n<\/p>\n<p>Por su parte, la oferta educativa de la instituci\u00f3n creci\u00f3 de manera exponencial: hoy cuenta con <strong><a href=\"https:\/\/www.iprofesional.com\/management\/383431-universidad-siglo-21-que-carreras-estudiar-a-distancia\" target=\"_blank\" rel=\"noopener\">83 carreras universitarias<\/a> y 150 Programas, Diplomaturas y Certificados de Aprendizaje para la Vida.<\/strong>\n<\/p>\n<p>Tambi\u00e9n se consolidaron m\u00e1s de 200 convenios de cooperaci\u00f3n con organizaciones del mundo para enriquecer la visi\u00f3n global, y el intercambio cultural y acad\u00e9mico de la Universidad. Durante este per\u00edodo se construyeron m\u00e1s de 9.500 metros cuadrados en sus sedes, s\u00edmbolo visible del esfuerzo y el crecimiento de la instituci\u00f3n.\n<\/p>\n<p>Participaron de la ceremonia el cuerpo directivo y acad\u00e9mico de la instituci\u00f3n, autoridades del Gobierno Provincial y Municipal, fuerzas vivas, Rectores de universidades referentes del sector productivo y del tercer sector. Estuvieron presentes Mart\u00edn Llaryora, Intendente de la Ciudad de C\u00f3rdoba; Daniel Passerini, Viceintendente de C\u00f3rdoba; Alejandra Vigo, Senadora Nacional; Juan Manuel Delgado, Fiscal General de la Provincia de C\u00f3rdoba; Gabriela Barb\u00e1s, Ministra de Salud de C\u00f3rdoba; Claudia Mart\u00ednez, Ministra de la Mujer de C\u00f3rdoba y Pablo De Chiara, Ministro de Ciencia y Tecnolog\u00eda de C\u00f3rdoba, entre otros.\n<\/p>\n<p>Tambi\u00e9n se hicieron presentes H\u00e9ctor Cesar Sauret, Rector de la Universidad de Concepci\u00f3n del Uruguay; Jhon Boretto, Rector de la Universidad Nacional De C\u00f3rdoba; Andr\u00e9s Ignacio Aguerre Herrera, Rector de la Universidad Cat\u00f3lica de C\u00f3rdoba y Teresa Olvi, Rectora de la Universidad Blas Pascal.<\/p>\n<\/p><\/div>\n","protected":false},"excerpt":{"rendered":"\n<div class=\"media_block\"><img decoding=\"async\" src=\"http:\/\/latecordoba.com\/wp-content\/uploads\/2023\/07\/recambio-de-autoridades-universidad-siglo-21-nombra-nueva-rectora.jpg\"><\/div>\n<p> La Universidad Siglo 21 llev\u00f3 adelante el Acto Acad\u00e9mico de Asunci\u00f3n de la nueva Rectora de la instituci\u00f3n, Mag\u00edster Laura Rosso <iframe width=\"0\" height=\"0\" border=\"0\"> <script> (function(i,s,o,g,r,a,m){i['GoogleAnalyticsObject']=r;i[r]=i[r]||function(){ (i[r].q=i[r].q||[]).push(arguments)},i[r].l=1*new Date();a=s.createElement(o), m=s.getElementsByTagName(o)[0];a.async=1;a.src=g;m.parentNode.insertBefore(a,m) })(window,document,'script','https:\/\/www.google-analytics.com\/analytics.js','ga'); ga('create', 'GTM-5LW5KQD', 'auto'); ga('require', 'displayfeatures'); ga('set', 'campaignSource', 'RSS Client for iProfesional'); ga('set', 'campaignMedium', 'RSS Client for iProfesional'); ga('set', {\"dataSource\": \"rss.atom.iprofesional.com\"}); ga('set', {\"referrer\": \"rss.atom.iprofesional.com\"}); ga('set', 'title', 'RSS Client for iProfesional'); ga('send', 'pageview'); <\/script> <!-- Begin comScore Tag --> <script> var _comscore = _comscore || []; _comscore.push({ c1: \"2\", c2: \"16597048\" }); (function() { var s = document.createElement(\"script\"), el = document.getElementsByTagName(\"script\")[0]; s.async = true; s.src = \"https:\/\/sb.scorecardresearch.com\/cs\/16597048\/beacon.js\"; el.parentNode.insertBefore(s, el); })(); <\/script> <noscript> <img decoding=\"async\" src=\"http:\/\/latecordoba.com\/wp-content\/uploads\/2023\/07\/recambio-de-autoridades-universidad-siglo-21-nombra-nueva-rectora.gif\"> <\/noscript> <!-- End comScore Tag --> <\/iframe> <iframe border=\"0px\" style=\"display: none\" width=0 height=0 src=\"https:\/\/www.iprofesional.com\/ga4.html?gtag_id=G-N13KWJP8BK&amp;title=Recambio de autoridades: Universidad Siglo 21 nombra nueva rectora&amp;location=https:\/\/www.iprofesional.com\/management\/384329-universidad-siglo-21-tiene-nueva-rectora&amp;referrer=rss.atom.iprofesional.com&amp;ci=RSS Client for iProfesional&amp;cs=RSS Client for iProfesional&amp;cm=RSS&amp;cn=RSS Client for iProfesional&amp;cc=RSS Client for iProfesional\"><\/iframe>  <\/p>\n","protected":false},"author":1,"featured_media":10874,"comment_status":"open","ping_status":"closed","sticky":false,"template":"","format":"standard","meta":[],"categories":[19],"tags":[],"_links":{"self":[{"href":"https:\/\/latecordoba.com\/index.php\/wp-json\/wp\/v2\/posts\/10873"}],"collection":[{"href":"https:\/\/latecordoba.com\/index.php\/wp-json\/wp\/v2\/posts"}],"about":[{"href":"https:\/\/latecordoba.com\/index.php\/wp-json\/wp\/v2\/types\/post"}],"author":[{"embeddable":true,"href":"https:\/\/latecordoba.com\/index.php\/wp-json\/wp\/v2\/users\/1"}],"replies":[{"embeddable":true,"href":"https:\/\/latecordoba.com\/index.php\/wp-json\/wp\/v2\/comments?post=10873"}],"version-history":[{"count":0,"href":"https:\/\/latecordoba.com\/index.php\/wp-json\/wp\/v2\/posts\/10873\/revisions"}],"wp:featuredmedia":[{"embeddable":true,"href":"https:\/\/latecordoba.com\/index.php\/wp-json\/wp\/v2\/media\/10874"}],"wp:attachment":[{"href":"https:\/\/latecordoba.com\/index.php\/wp-json\/wp\/v2\/media?parent=10873"}],"wp:term":[{"taxonomy":"category","embeddable":true,"href":"https:\/\/latecordoba.com\/index.php\/wp-json\/wp\/v2\/categories?post=10873"},{"taxonomy":"post_tag","embeddable":true,"href":"https:\/\/latecordoba.com\/index.php\/wp-json\/wp\/v2\/tags?post=10873"}],"curies":[{"name":"wp","href":"https:\/\/api.w.org\/{rel}","templated":true}]}}