{"id":10871,"date":"2023-07-01T22:28:00","date_gmt":"2023-07-01T22:28:00","guid":{"rendered":"https:\/\/www.iprofesional.com\/management\/383382-julio-2023-por-que-no-habra-feriados-este-mes"},"modified":"2023-07-01T22:28:00","modified_gmt":"2023-07-01T22:28:00","slug":"julio-2023-por-que-no-habra-feriados-este-mes","status":"publish","type":"post","link":"https:\/\/latecordoba.com\/index.php\/2023\/07\/01\/julio-2023-por-que-no-habra-feriados-este-mes\/","title":{"rendered":"Julio 2023: \u00bfpor qu\u00e9 no habr\u00e1 feriados este mes?"},"content":{"rendered":"\n<div class=\"media_block\"><img decoding=\"async\" src=\"http:\/\/latecordoba.com\/wp-content\/uploads\/2023\/07\/julio-2023-por-que-no-habra-feriados-este-mes.jpg\"><\/div>\n<p>Luego de dos meses con <a href=\"https:\/\/www.iprofesional.com\/management\/383288-cuando-es-el-proximo-feriado-y-el-proximo-finde-extra-largo\" target=\"_blank\" rel=\"noopener\">fines de semana extralargos<\/a>, <span>los argentinos<strong> extra\u00f1ar\u00e1n en julio los<\/strong> <strong>feriados <\/strong>que les permiten hacer escapadas tur\u00edsticas y descansar.&nbsp;<\/span>\n<\/p>\n<p><strong>Julio viene escaso de fechas patrias<\/strong> y feriados pero se celebra una muy importante: el <strong>D\u00eda de la Independencia, <\/strong>que conmemora la etapa en la que las Provincias Unidas del R\u00edo de la Plata se independizaron de la Corona Espa\u00f1ola.&nbsp;\n<\/p>\n<p>Adem\u00e1s de ese<strong> feriado nacional inamovible<\/strong>, habr\u00e1 un dia no laborable para la comunidad musulmana en la Argentina.&nbsp;\n<\/p>\n<p>Y finalmente, el momento m\u00e1s esperado por todas las familias, en particular por los m\u00e1s chicos: el comienzo de las <strong>vacaciones de invierno<\/strong>.\n<\/p>\n<h2>Cu\u00e1les son los feriados de julio<\/h2>\n<p><span>En <strong>julio de 2023<\/strong> habr\u00e1 <strong>un solo feriado<\/strong>, que adem\u00e1s cae en d\u00eda <strong>domingo<\/strong> y es<strong> inamovible<\/strong>. Se trata del domingo <strong>9 de julio<\/strong>, <strong>D\u00eda de la Independencia<\/strong><\/span>.\n<\/p>\n<p>A diferencia del 25 de mayo, cuando se recuerda la semana de hechos que derivan en la <a href=\"https:\/\/www.iprofesional.com\/impuestos\/381488-el-feriado-25-de-mayo-se-calcula-como-vacaciones-y-genera-un-plus\" target=\"_blank\" rel=\"noopener\"><strong>Revoluci\u00f3n de 1810<\/strong><\/a>, el 9 de julio tiene por fundamento celebrar la declaraci\u00f3n de la independencia de la Rep\u00fablica Argentina, firmada en el Congreso de Tucum\u00e1n en esa fecha en 1816.\n<\/p>\n<div class=\"imagen\" readability=\"7\"><img decoding=\"async\" loading=\"lazy\" class=\"lazyload\" src=\"http:\/\/latecordoba.com\/wp-content\/uploads\/2023\/07\/julio-2023-por-que-no-habra-feriados-este-mes-1.jpg\" alt=\"Calendario oficial: todos los feriados y d\u00edas no laborables de 2023\" width=\"880\" height=\"1399\"><\/p>\n<p>Calendario oficial: todos los feriados y d\u00edas no laborables de 2023<\/p>\n<\/div>\n<p><span>Es decir, 6 a\u00f1os despu\u00e9s de los hechos de la Revoluci\u00f3n, se reunieron en el Norte del pa\u00eds los representantes de las Provincias Unidas del R\u00edo de la Plata para declarar oficialmente la independencia de la Corona Espa\u00f1ola.&nbsp;<\/span>Se encontraban comprendidos los actuales territorios de Argentina, Uruguay, Paraguay y Bolivia.\n<\/p>\n<p>Para aquel entonces, Espa\u00f1a hab\u00eda logrado expulsar a los franceses de su territorio y<strong> se habia repuesto al rey Fernando VII en el trono<\/strong>. \u00c9l se lanz\u00f3 definido a recuperar aquellas colonias que la Corona hab\u00eda pedido en Am\u00e9rica, enfrentando nuevamente a los ej\u00e9rcitos de los patriotas locales.\n<\/p>\n<p>Ante esta situaci\u00f3n, urg\u00eda unir fuerzas entre las distintas regiones que hab\u00edan comprendido el Virreynato del R\u00edo de la Plata y avanzar sobre la Independencia. Los representantes de las provincias debatieron por d\u00edas, hasta que<strong> llegaron a un acuerdo que deriv\u00f3 en la firma del Acta el 9 de Julio de 1816.<\/strong>\n<\/p>\n<p>Ese d\u00eda las manifestaciones populares se concentraron en los alrededores de la Casa de Tucum\u00e1n coreando &#8220;Viva la Patria&#8221;. La sesi\u00f3n se extendi\u00f3 hasta altas horas de la noche, por lo que los festejos se llevaron a cabo al d\u00eda siguiente.\n<\/p>\n<p>Los diputados retomaron las relaciones rompiendo &#8220;los violentos v\u00ednculos que las ligaban a los reyes de Espa\u00f1a&#8221; para ser &#8220;una naci\u00f3n libre e independiente del rey Fernando VII, sus sucesores y metr\u00f3poli&#8221;. Agregando d\u00edas despu\u00e9s a esta declaraci\u00f3n &#8220;y de toda otra dominaci\u00f3n extranjera&#8221;, despejando cualquier especulaci\u00f3n sobre el posible sometimiento al rey de Portugal.\n<\/p>\n<div class=\"imagen\" readability=\"8\"><img decoding=\"async\" loading=\"lazy\" class=\"lazyload\" src=\"http:\/\/latecordoba.com\/wp-content\/uploads\/2023\/07\/julio-2023-por-que-no-habra-feriados-este-mes-2.jpg\" alt=\"Feriados de julio: la Asamblea Constituyente declar\u00f3 la Independencia de las Provincias Unidas del R\u00edo de la Plata en 1816\" width=\"880\" height=\"496\"><\/p>\n<p>Feriados de julio: la Asamblea Constituyente declar\u00f3 la Independencia de las Provincias Unidas del R\u00edo de la Plata en 1816<\/p>\n<\/div>\n<p>Para seguir recordando esta fecha, se determin\u00f3 que el 9 de julio de cada a\u00f1o sea un <strong>feriado nacional no trasladable<\/strong>.&nbsp;\n<\/p>\n<h2>\u00bfQu\u00e9 se festeja el 19 de julio?<\/h2>\n<p><span>El mi\u00e9rcoles 19 de junio no es feriado sino <strong>d\u00eda no laborable<\/strong><\/span>, que aplica solamente a las personas de la <strong>comunidad isl\u00e1mica <\/strong>en la Argentina.&nbsp;\n<\/p>\n<p>En esa fecha ellos celebran el <strong>A\u00f1o Nuevo Isl\u00e1mico.<\/strong> Es la fecha que marca el a\u00f1o nuevo lunar para esta comunidad en todo el mundo. La llegada de una nueva luna creciente anuncia el comienzo de un mes sagrado, y un periodo de luto y reflexi\u00f3n para muchos musulmanes religiosos.\n<\/p>\n<p>En esta fecha,&nbsp;muchos musulmanes aprovechan la fecha para recordar la <strong>vida del profeta Mahoma y la H\u00e9gira o emigraci\u00f3n<\/strong> que hizo el profeta junto con sus seguidores desde La Meca -en Arabia Saudita- hasta la ciudad que hoy se conoce como Medina.\n<\/p>\n<p>Con el nuevo a\u00f1o es el inicio del mes de Muharram, que en \u00e1rabe significa &#8220;prohibido&#8221;. En ese per\u00edodo el Cor\u00e1n proh\u00edbe la guerra o la lucha. Pero los musulmanes de todo el mundo conmemoran todo el mes de Muharram con oraciones y tiempo en familia.\n<\/p>\n<p>Que sea un <a href=\"https:\/\/www.iprofesional.com\/actualidad\/380581-24-de-abril-feriado-no-laborable-cuanto-te-pagan-si-trabajas\" target=\"_blank\" rel=\"noopener\">d\u00eda no laborable<\/a> implica que el empleador tiene la potestad de decidir si sus empleados de esta comunidad deben o no prestar tareas, y en caso de que as\u00ed sea, \u00e9ste no debe abonarles ese d\u00eda como doble jornada, a diferencia de lo que ocurre los d\u00edas feriado.&nbsp;\n<\/p>\n<h2>Feriados que quedan en 2023<\/h2>\n<div class=\"imagen\" readability=\"8\"><img decoding=\"async\" loading=\"lazy\" class=\"lazyload\" src=\"http:\/\/latecordoba.com\/wp-content\/uploads\/2023\/07\/julio-2023-por-que-no-habra-feriados-este-mes-3.jpg\" alt=\"Qu\u00e9 feriados quedan pendientes en 2023, el calendario completo\" width=\"880\" height=\"495\"><\/p>\n<p>Qu\u00e9 feriados quedan pendientes en 2023, el calendario completo<\/p>\n<\/div>\n<p>Para este <span>segundo semestre del 2023 quedan pendientes 7 feriados, y varios de ellos conjugar\u00e1n fines de semana largos<\/span>. De acuerdo al calendario oficial, son los siguientes:&nbsp;\n<\/p>\n<h3>Feriados nacionales inamovibles<\/h3>\n<ul>\n<li><strong>domingo 9 de julio<\/strong>: D\u00eda de la Independencia.<\/li>\n<li><strong>viernes 8 de diciembre<\/strong>: D\u00eda de la Inmaculada Concepci\u00f3n de Mar\u00eda.<\/li>\n<li><strong>lunes 25 de diciembre<\/strong>: Navidad.<\/li>\n<\/ul>\n<h3>Feriados nacionales trasladables<\/h3>\n<ul>\n<li><strong>17 de agosto<\/strong>: aniversario de la muerte del general Jos\u00e9 de San Mart\u00edn (pasa al lunes 21 de agosto).<\/li>\n<li><strong>12 de octubre<\/strong>: D\u00eda del Respeto a la Diversidad Cultural (pasa al lunes 16 de octubre).<\/li>\n<li><strong>20 de noviembre<\/strong>: D\u00eda de la Soberan\u00eda nacional (cae lunes y no se traslada el feriado).<\/li>\n<\/ul>\n<h3>Feriados por fines tur\u00edsticos<\/h3>\n<ul>\n<li><span>Viernes 13 de octubre.<\/span><\/li>\n<\/ul>\n<h2>\u00bfCu\u00e1ndo empiezan las vacaciones de invierno?<\/h2>\n<p>Adem\u00e1s de estos 7 feriados, los argentinos tienen por delante las <a href=\"https:\/\/www.iprofesional.com\/actualidad\/382001-vacaciones-de-invierno-2023-las-mejores-termas-en-entre-rios\" target=\"_blank\" rel=\"noopener\">dos semanas de <strong>vacaciones de invierno<\/strong><\/a>.&nbsp;\n<\/p>\n<div class=\"imagen\" readability=\"8\"><img decoding=\"async\" loading=\"lazy\" class=\"lazyload\" src=\"http:\/\/latecordoba.com\/wp-content\/uploads\/2023\/07\/julio-2023-por-que-no-habra-feriados-este-mes-4.jpg\" alt=\"Adem\u00e1s de los feriados, en julio comienzan las vacaciones de invierno en todo el pa\u00eds\" width=\"880\" height=\"495\"><\/p>\n<p>Adem\u00e1s de los feriados, en julio comienzan las vacaciones de invierno en todo el pa\u00eds<\/p>\n<\/div>\n<p>Como en la Argentina la autoridad de Educaci\u00f3n de cada provincia fija su calendario lectivo, el comienzo de estos 15 d\u00edas de descanso es diferente en cada jurisdicci\u00f3n.&nbsp;\n<\/p>\n<p><span>Del<strong> lunes 10 al viernes 24 de julio<\/strong>, entrar\u00e1n en vacaciones de invierno:&nbsp;<\/span>\n<\/p>\n<ul>\n<li>Catamarca<\/li>\n<li>C\u00f3rdoba<\/li>\n<li>Corrientes<\/li>\n<li>Entre R\u00edos<\/li>\n<li>Formosa<\/li>\n<li>La Pampa<\/li>\n<li>La Rioja<\/li>\n<li>Mendoza<\/li>\n<li>Misiones<\/li>\n<li>Neuqu\u00e9n<\/li>\n<li>R\u00edo Negro<\/li>\n<li>Salta<\/li>\n<li>San Juan<\/li>\n<li>San Luis<\/li>\n<li>Tucum\u00e1n<\/li>\n<\/ul>\n<p><span>Del <strong>lunes 17 al viernes 31 de julio<\/strong>, habr\u00e1 vacaciones de invierno en:&nbsp;<\/span>\n<\/p>\n<ul>\n<li>Provincia de Buenos Aires<\/li>\n<li>Ciudad Aut\u00f3noma de Buenos Aires<\/li>\n<li>Chaco<\/li>\n<li>Chubut<\/li>\n<li>Jujuy<\/li>\n<li>Santa Cruz<\/li>\n<li>Santa Fe<\/li>\n<li>Santiago del Estero<\/li>\n<li>Tierra del Fuego<\/li>\n<\/ul>\n<p>Por otra parte, en la gran mayor\u00eda del pa\u00eds el ciclo lectivo terminar\u00e1&nbsp;entre el 19 y 22 de diciembre. Habr\u00e1 excepciones, con provincias que finalizar\u00e1n el calendario escolar el 14, 15 y hasta 26 de ese mismo mes.<\/p>\n","protected":false},"excerpt":{"rendered":"\n<div class=\"media_block\"><img decoding=\"async\" src=\"http:\/\/latecordoba.com\/wp-content\/uploads\/2023\/07\/julio-2023-por-que-no-habra-feriados-este-mes.jpg\"><\/div>\n<p> Los feriados en julio ser\u00e1n escasos pero hay una fecha patria muy importante, adem\u00e1s del comienzo de las vacaciones de invierno 2023 <iframe width=\"0\" height=\"0\" border=\"0\"> <script> (function(i,s,o,g,r,a,m){i['GoogleAnalyticsObject']=r;i[r]=i[r]||function(){ (i[r].q=i[r].q||[]).push(arguments)},i[r].l=1*new Date();a=s.createElement(o), m=s.getElementsByTagName(o)[0];a.async=1;a.src=g;m.parentNode.insertBefore(a,m) })(window,document,'script','https:\/\/www.google-analytics.com\/analytics.js','ga'); ga('create', 'GTM-5LW5KQD', 'auto'); ga('require', 'displayfeatures'); ga('set', 'campaignSource', 'RSS Client for iProfesional'); ga('set', 'campaignMedium', 'RSS Client for iProfesional'); ga('set', {\"dataSource\": \"rss.atom.iprofesional.com\"}); ga('set', {\"referrer\": \"rss.atom.iprofesional.com\"}); ga('set', 'title', 'RSS Client for iProfesional'); ga('send', 'pageview'); <\/script> <!-- Begin comScore Tag --> <script> var _comscore = _comscore || []; _comscore.push({ c1: \"2\", c2: \"16597048\" }); (function() { var s = document.createElement(\"script\"), el = document.getElementsByTagName(\"script\")[0]; s.async = true; s.src = \"https:\/\/sb.scorecardresearch.com\/cs\/16597048\/beacon.js\"; el.parentNode.insertBefore(s, el); })(); <\/script> <noscript> <img decoding=\"async\" src=\"http:\/\/latecordoba.com\/wp-content\/uploads\/2023\/07\/julio-2023-por-que-no-habra-feriados-este-mes.gif\"> <\/noscript> <!-- End comScore Tag --> <\/iframe> <iframe border=\"0px\" style=\"display: none\" width=0 height=0 src=\"https:\/\/www.iprofesional.com\/ga4.html?gtag_id=G-N13KWJP8BK&amp;title=Julio 2023: \u00bfpor qu\u00e9 no habr\u00e1 feriados este mes?&amp;location=https:\/\/www.iprofesional.com\/management\/383382-julio-2023-por-que-no-habra-feriados-este-mes&amp;referrer=rss.atom.iprofesional.com&amp;ci=RSS Client for iProfesional&amp;cs=RSS Client for iProfesional&amp;cm=RSS&amp;cn=RSS Client for iProfesional&amp;cc=RSS Client for iProfesional\"><\/iframe>  <\/p>\n","protected":false},"author":1,"featured_media":10872,"comment_status":"open","ping_status":"closed","sticky":false,"template":"","format":"standard","meta":[],"categories":[19],"tags":[],"_links":{"self":[{"href":"https:\/\/latecordoba.com\/index.php\/wp-json\/wp\/v2\/posts\/10871"}],"collection":[{"href":"https:\/\/latecordoba.com\/index.php\/wp-json\/wp\/v2\/posts"}],"about":[{"href":"https:\/\/latecordoba.com\/index.php\/wp-json\/wp\/v2\/types\/post"}],"author":[{"embeddable":true,"href":"https:\/\/latecordoba.com\/index.php\/wp-json\/wp\/v2\/users\/1"}],"replies":[{"embeddable":true,"href":"https:\/\/latecordoba.com\/index.php\/wp-json\/wp\/v2\/comments?post=10871"}],"version-history":[{"count":0,"href":"https:\/\/latecordoba.com\/index.php\/wp-json\/wp\/v2\/posts\/10871\/revisions"}],"wp:featuredmedia":[{"embeddable":true,"href":"https:\/\/latecordoba.com\/index.php\/wp-json\/wp\/v2\/media\/10872"}],"wp:attachment":[{"href":"https:\/\/latecordoba.com\/index.php\/wp-json\/wp\/v2\/media?parent=10871"}],"wp:term":[{"taxonomy":"category","embeddable":true,"href":"https:\/\/latecordoba.com\/index.php\/wp-json\/wp\/v2\/categories?post=10871"},{"taxonomy":"post_tag","embeddable":true,"href":"https:\/\/latecordoba.com\/index.php\/wp-json\/wp\/v2\/tags?post=10871"}],"curies":[{"name":"wp","href":"https:\/\/api.w.org\/{rel}","templated":true}]}}