{"id":10848,"date":"2023-07-02T03:23:47","date_gmt":"2023-07-02T03:23:47","guid":{"rendered":"https:\/\/viapais.com.ar\/cordoba\/alarma-en-talleres-el-paraguayo-ramon-sosa-salio-lesionado-y-en-llanto\/"},"modified":"2023-07-02T03:23:47","modified_gmt":"2023-07-02T03:23:47","slug":"alarma-en-talleres-el-paraguayo-ramon-sosa-salio-lesionado-y-en-llanto","status":"publish","type":"post","link":"https:\/\/latecordoba.com\/index.php\/2023\/07\/02\/alarma-en-talleres-el-paraguayo-ramon-sosa-salio-lesionado-y-en-llanto\/","title":{"rendered":"Alarma en Talleres: el paraguayo Ram\u00f3n Sosa sali\u00f3 lesionado y en llanto"},"content":{"rendered":"<br \/>\n<section readability=\"40.495896328294\">\n<p><a href=\"https:\/\/viapais.com.ar\/cordoba\/todo-lo-que-tenes-que-saber-del-partido-talleres-godoy-cruz-fecha-22-de-liga-profesional\/\" target=\"_blank\" rel=\"noopener\"><b>Talleres le gana a Godoy Cruz 1 a 0 <\/b><\/a>y se afirma como <a href=\"https:\/\/viapais.com.ar\/cordoba\/la-derrota-de-river-reaviva-las-ilusiones-de-talleres-como-quedo-la-tabla\/\" target=\"_blank\" rel=\"noopener\"><b>escolta de River <\/b><\/a>en la Liga Profesional, con<a href=\"https:\/\/viapais.com.ar\/cordoba\/video-talleres-se-puso-en-ventaja-por-michael-santos-goleador-de-la-liga-profesional\/\" target=\"_blank\" rel=\"noopener\"><b> gol de Michael Santos<\/b><\/a>,<b> artillero del torneo<\/b> con <b>13 tantos<\/b> al igual que<b> <\/b><a href=\"https:\/\/viapais.com.ar\/cordoba\/belgrano-se-diluye-la-ilusion-por-el-mudo-vazquez-y-hay-dos-posibles-refuerzos-cerca\/\" target=\"_blank\" rel=\"noopener\"><b>Pablo Vegetti, de Belgrano.<\/b><\/a> Hasta all\u00ed, todo bueno para el Albiazul.<\/p>\n<article class=\"article card \">\n<div class=\"article-inner \">\n<div class=\"article-image \"><a href=\"https:\/\/viapais.com.ar\/cordoba\/los-numeros-que-dio-a-conocer-andres-fassi-de-la-operacion-de-talleres-por-nahuel-bustos\/\" title=\"Los n\u00fameros que dio a conocer Andr\u00e9s Fassi de la operaci\u00f3n de Talleres por Nahuel Bustos.\"><\/p>\n<figure><picture><img decoding=\"async\" alt=\"Los n\u00fameros que dio a conocer Andr\u00e9s Fassi de la operaci\u00f3n de Talleres por Nahuel Bustos.\" class=\"lazyload block \" loading=\"lazy\" src=\"http:\/\/latecordoba.com\/wp-content\/uploads\/2023\/07\/alarma-en-talleres-el-paraguayo-ramon-sosa-salio-lesionado-y-en-llanto.png\" sizes=\"auto\" data-src=\"https:\/\/viapais.com.ar\/resizer\/D1fRPiSdSIZ0bGpgkUoItmQyNvE=\/307x173\/smart\/filters:quality(75):format(webp)\/cloudfront-us-east-1.images.arcpublishing.com\/grupoclarin\/DQIXEFH4GZHJPPK5IG3WPVEPTA.jpg\" width=\"307px\" fetchpriority=\"low\" height=\"173px\"><\/picture><\/figure>\n<p><\/a><\/div>\n<\/div>\n<\/article>\n<figure><picture><img alt=\"Ram\u00f3n Sosa, de Talleres, sali\u00f3 lesionado en el primer tiempo del partido con Godoy Cruz en el estadio Mario Alberto Kempes. (Facundo Luque \/ La Voz)\" class=\"lazyload block \" loading=\"lazy\" sizes=\"auto\" data-src=\"http:\/\/latecordoba.com\/wp-content\/uploads\/2023\/07\/alarma-en-talleres-el-paraguayo-ramon-sosa-salio-lesionado-y-en-llanto.jpg\" width=\"1023px\" fetchpriority=\"low\" height=\"680px\"><\/picture><figcaption class>Ram\u00f3n Sosa, de Talleres, sali\u00f3 lesionado en el primer tiempo del partido con Godoy Cruz en el estadio Mario Alberto Kempes. (Facundo Luque \/ La Voz)<\/figcaption><\/figure>\n<p><b>El saldo negativo para Talleres en ese primer tiempo fue que Ram\u00f3n Sosa,<\/b> el desequilibrante delantero paraguayo, sali\u00f3 lesionado por<b> un golpe en la rodilla derecha a los 26 minutos,<\/b> con<b> l\u00e1grimas y visibles muestras de dolor.<\/b> Sembr\u00f3 preocupaci\u00f3n en la T<b>,<\/b> y lo reemplaz\u00f3 Francisco Pizzini.<\/p>\n<article class=\"article card \">\n<div class=\"article-inner \">\n<div class=\"article-image \"><a href=\"https:\/\/viapais.com.ar\/cordoba\/la-lista-de-concentrados-de-talleres-sin-federico-girotti-y-con-un-juvenil-de-17-anos\/\" title=\"La lista de concentrados de Talleres: sin Federico Girotti y con un juvenil de 17 a\u00f1os.\"><\/p>\n<figure><picture><img decoding=\"async\" alt=\"La lista de concentrados de Talleres: sin Federico Girotti y con un juvenil de 17 a\u00f1os.\" class=\"lazyload block \" loading=\"lazy\" src=\"http:\/\/latecordoba.com\/wp-content\/uploads\/2023\/07\/alarma-en-talleres-el-paraguayo-ramon-sosa-salio-lesionado-y-en-llanto.png\" sizes=\"auto\" data-src=\"https:\/\/viapais.com.ar\/resizer\/LOc1WuS-SiGCi0UjqKdHnPvGxrE=\/307x173\/smart\/filters:quality(75):format(webp)\/cloudfront-us-east-1.images.arcpublishing.com\/grupoclarin\/YS2F4TW4CRFLDLXQC2RXXSOOK4.jpg\" width=\"307px\" fetchpriority=\"low\" height=\"173px\"><\/picture><\/figure>\n<p><\/a><\/div>\n<\/div>\n<\/article>\n<p>El paraguayo es una de las armas principales del sistema ofensivo de Talleres.<b> La lesi\u00f3n y escaso margen de tiempo <\/b>lo complican para el pr\u00f3ximo encuentro, el<b> jueves 6 de julio contra Sarmiento en Jun\u00edn.<\/b><\/p>\n<p>Por su velocidad y juego incisivo<b> Ram\u00f3n Sosa se convirti\u00f3 en un de los refuerzos m\u00e1s efectivos<\/b> de la temporada, proveniente de Gimnasia y Esgrima de La Plata. En el semestre convirti\u00f3<b> cinco goles para la T y dio cinco asistencias.<\/b><\/p>\n<h2 class><b>QU\u00c9 DIJO GANDOLFI SOBRE LA LESI\u00d3N DE SOSA Y EL EMPATE DE TALLERES<\/b><\/h2>\n<p>\u201c<b>Fue una paral\u00edtica, le molestaba mucho. Lo intent\u00f3 pero no logr\u00f3 seguir en campo\u201d,<\/b> explic\u00f3 Javier Gandolfi en referencia a la lesi\u00f3n que margin\u00f3 a Ram\u00f3n Sosa en la primera etapa.<\/p>\n<p>\u201cNos<b> falt\u00f3 en los 25 minutos del primer tiempo aumentar la ventaja<\/b>. En el segundo tiempo tambi\u00e9n tuvimos situaciones y no lo logramos. <b>La cantidad de situaciones me deja tranquilo<\/b>. En los \u00faltimos minutos se parti\u00f3 el partido y era para cualquiera. <b>Pero creo que fuimos superiores al rival\u201d<\/b>, resumi\u00f3 sobre el 1 a 1 con Godoy Cruz.<\/p>\n<figure><picture><img alt=\"Talleres enfrent\u00f3 a Godoy Cruz en el estadio Mario Alberto Kempes por la fecha 22 de la Liga Profesional. (Facundo Luque \/ La Voz)\" class=\"lazyload block \" loading=\"lazy\" sizes=\"auto\" data-src=\"http:\/\/latecordoba.com\/wp-content\/uploads\/2023\/07\/alarma-en-talleres-el-paraguayo-ramon-sosa-salio-lesionado-y-en-llanto-1.jpg\" width=\"1023px\" fetchpriority=\"low\" height=\"681px\"><\/picture><figcaption class>Talleres enfrent\u00f3 a Godoy Cruz en el estadio Mario Alberto Kempes por la fecha 22 de la Liga Profesional. (Facundo Luque \/ La Voz)<\/figcaption><\/figure>\n<p>\u201cSi analizamos el primer tiempo y gran parte del segundo, ante <b>un rival que ven\u00eda de convertir muchos goles, me voy conforme\u2026 El equipo estuvo bien, hasta el empate.<\/b> Lo manejamos bien. Nos falt\u00f3 definir, estirar la ventaja para que termine distinto el partido\u201d, agreg\u00f3 \u201cCobija\u201d.<\/p>\n<\/section>\n<div class=\"noreadme-audima\">\n<h2>Temas Relacionados<\/h2>\n<\/div>\n","protected":false},"excerpt":{"rendered":"<p>Talleres le gana a Godoy Cruz 1 a 0 y se afirma como escolta de River en la Liga Profesional, con gol de Michael Santos, artillero del torneo con 13 tantos al igual que Pablo Vegetti, de Belgrano. Hasta all\u00ed, todo bueno para el Albiazul. Ram\u00f3n Sosa, de Talleres, sali\u00f3 lesionado en el primer tiempo [&hellip;]<\/p>\n","protected":false},"author":1,"featured_media":10849,"comment_status":"closed","ping_status":"closed","sticky":false,"template":"","format":"standard","meta":[],"categories":[15],"tags":[],"_links":{"self":[{"href":"https:\/\/latecordoba.com\/index.php\/wp-json\/wp\/v2\/posts\/10848"}],"collection":[{"href":"https:\/\/latecordoba.com\/index.php\/wp-json\/wp\/v2\/posts"}],"about":[{"href":"https:\/\/latecordoba.com\/index.php\/wp-json\/wp\/v2\/types\/post"}],"author":[{"embeddable":true,"href":"https:\/\/latecordoba.com\/index.php\/wp-json\/wp\/v2\/users\/1"}],"replies":[{"embeddable":true,"href":"https:\/\/latecordoba.com\/index.php\/wp-json\/wp\/v2\/comments?post=10848"}],"version-history":[{"count":0,"href":"https:\/\/latecordoba.com\/index.php\/wp-json\/wp\/v2\/posts\/10848\/revisions"}],"wp:featuredmedia":[{"embeddable":true,"href":"https:\/\/latecordoba.com\/index.php\/wp-json\/wp\/v2\/media\/10849"}],"wp:attachment":[{"href":"https:\/\/latecordoba.com\/index.php\/wp-json\/wp\/v2\/media?parent=10848"}],"wp:term":[{"taxonomy":"category","embeddable":true,"href":"https:\/\/latecordoba.com\/index.php\/wp-json\/wp\/v2\/categories?post=10848"},{"taxonomy":"post_tag","embeddable":true,"href":"https:\/\/latecordoba.com\/index.php\/wp-json\/wp\/v2\/tags?post=10848"}],"curies":[{"name":"wp","href":"https:\/\/api.w.org\/{rel}","templated":true}]}}