{"id":10837,"date":"2023-07-01T17:12:00","date_gmt":"2023-07-01T17:12:00","guid":{"rendered":"https:\/\/www.lapoliticaonline.com\/politica\/tras-la-caida-de-la-formula-con-wado-manzur-recompone-con-massa\/"},"modified":"2023-07-01T17:12:00","modified_gmt":"2023-07-01T17:12:00","slug":"tras-la-caida-de-la-formula-con-wado-manzur-se-acerca-a-massa","status":"publish","type":"post","link":"https:\/\/latecordoba.com\/index.php\/2023\/07\/01\/tras-la-caida-de-la-formula-con-wado-manzur-se-acerca-a-massa\/","title":{"rendered":"Tras la ca\u00edda de la f\u00f3rmula con Wado, Manzur se acerca a Massa"},"content":{"rendered":"\n<div id=\"vsmcontent\" readability=\"112.94285714286\">\n<p>Sergio Massa recibi\u00f3 al tucumano Juan Manzur, que qued\u00f3 golpeado tras el cierre de listas en el que estuvo cerca de convertirse en candidato a vicepresidente.<\/p>\n<p>Manzur asisti\u00f3 al ministerio de Econom\u00eda junto a su vice, Osvaldo Jaldo, el gobernador electo, para &#8220;felicitar&#8221; a Massa por la candidatura y hablar de las obras p\u00fablicas para su provincia. Jaldo lleg\u00f3 a la reuni\u00f3n empoderado porque el escrutinio definitivo revel\u00f3 que fue <a href=\"https:\/\/www.lapoliticaonline.com\/tools\/redirect.php?t=3&amp;i=262589&amp;s=00fe6bb8163a2d62ded0229fb53c4ef6\">el gobernador m\u00e1s votado<\/a> de la historia de Tucum\u00e1n, por encima de su antecesor.<\/p>\n<p><a href=\"https:\/\/www.lapoliticaonline.com\/tools\/redirect.php?t=3&amp;i=262589&amp;s=00fe6bb8163a2d62ded0229fb53c4ef6\" class=\"link-type-content content-type-noticia-ar\">Jaldo festeja que sac\u00f3 m\u00e1s votos que Manzur y Alperovich<\/a><\/p>\n<p>La fallida jugada de Manzur con Wado de Pedro lo hizo perder terreno en el peronismo tucumano en la solapada competencia que mantiene con Jaldo. Con un agravante: el gobernador electo siempre apost\u00f3 por Massa, mientras que Manzur desoy\u00f3 los consejos de dirigentes muy cercanos que le recomendaban acercarse al ministro de Econom\u00eda.<\/p>\n<p class=\"authorquote\">Jaldo siempre apost\u00f3 por Massa, mientras que Manzur desoy\u00f3 los consejos de dirigentes muy cercanos que le recomendaban acercarse al ministro de Econom\u00eda.<\/p>\n<p>La ca\u00eda de la f\u00f3rmula que ensay\u00f3 con Wado <a href=\"https:\/\/www.lapoliticaonline.com\/tools\/redirect.php?t=3&amp;i=262035&amp;s=5fa2f70c95e3749ab4b9e9239cbb584b\">precipitada por gobernadores<\/a> de su \u00e1rea de influencia como el santiague\u00f1o Zamora y el catamarque\u00f1o Jalil, le hicieron perder al tucumano la posibilidad de&nbsp;capitalizar el triunfo por 20 puntos en su provincia que podr\u00eda haberlo consolidado como el jefe pol\u00edtico del norte del pa\u00eds.<\/p>\n<p>Justamente por no haber alimentado la relaci\u00f3n con Massa, como le suger\u00edan algunos de sus colaboradores y si hicieron el resto de los gobernadores, incluido Jaldo. Manzur ve\u00eda a Massa como un competidor incluso como compa\u00f1ero de gabinete.<\/p>\n<p>Jaldo, por el contrario, siempre tuvo una muy buena relaci\u00f3n con Massa y ahora apuesta a hacer valer su triunfo en Tucum\u00e1n, la provincia m\u00e1s poblada del norte. No parece casualidad que horas antes de la reuni\u00f3n con el ministro desde Tucum\u00e1n se filtraron los datos del recuento oficial que se\u00f1alan que Jaldo fue electo por m\u00e1s votos que Manzur.<\/p>\n<figure class=\"vsmimage\" contenteditable=\"false\"><img decoding=\"async\" loading=\"lazy\" alt=\"Tras la ca\u00edda de la f\u00f3rmula con Wado, Manzur se acerca a Massa \" data-vsmid=\"193873\" data-owidth=\"1280\" data-oheight=\"852\" src=\"data:image\/png;base64,iVBORw0KGgoAAAANSUhEUgAAAx4AAAIOAQMAAAAMVUlSAAAAA1BMVEUAAACnej3aAAAAAXRSTlMAQObYZgAAAElJREFUeJztwQEBAAAAgiD\/r25IQAEAAAAAAAAAAAAAAAAAAAAAAAAAAAAAAAAAAAAAAAAAAAAAAAAAAAAAAAAAAAAAAAAAAPBjz4YAAXoxaWgAAAAASUVORK5CYII=\" vsmidos=\"1\" vsmsrc=\"\/files\/image\/193\/193873\/64a064d67eadc_798_526!.jpg?s=9a33949a13d821c1d81d213fa850a5d6&amp;d=1688233318\" width=\"798\" height=\"526\"><\/figure>\n<p>Sin embargo, pese al retroceso, Manzur mantiene una cuota de poder interesante. Asumir\u00e1 como senador nacional en la banca que despejar\u00e1 Pablo Yedlin, que ahora encabeza la lista de diputados nacionales. Y el hermano de este \u00faltimo, Gabriel Yedlin, electo legislador provincial, podr\u00eda ser el pr\u00f3ximo presidente de la Legislatura tucumana, que tiene el presupuesto m\u00e1s grande, despu\u00e9s de la bonaerense.<\/p>\n<p>Massa hab\u00eda recibido un d\u00eda antes a Daniel Scioli, otro de los heridos, en busca de mostrar la unidad del peronismo luego de las turbulencias del fin de semana.<\/p>\n<\/div>\n<p><strong>Copyright La Politica Online SA 2023.<\/strong><br \/>Por favor no corte ni pegue en la web nuestras notas, tiene la posibilidad de redistribuirlas usando nuestras herramientas.<\/p>\n","protected":false},"excerpt":{"rendered":"<p> El todav\u00eda gobernador perdi\u00f3 terreno en el peronismo tucumano y como referente del Norte, pero ser\u00e1 senador nacional. Jaldo siempre mantuvo un v\u00ednculo con Massa.  <\/p>\n","protected":false},"author":1,"featured_media":10838,"comment_status":"closed","ping_status":"closed","sticky":false,"template":"","format":"standard","meta":[],"categories":[18],"tags":[],"_links":{"self":[{"href":"https:\/\/latecordoba.com\/index.php\/wp-json\/wp\/v2\/posts\/10837"}],"collection":[{"href":"https:\/\/latecordoba.com\/index.php\/wp-json\/wp\/v2\/posts"}],"about":[{"href":"https:\/\/latecordoba.com\/index.php\/wp-json\/wp\/v2\/types\/post"}],"author":[{"embeddable":true,"href":"https:\/\/latecordoba.com\/index.php\/wp-json\/wp\/v2\/users\/1"}],"replies":[{"embeddable":true,"href":"https:\/\/latecordoba.com\/index.php\/wp-json\/wp\/v2\/comments?post=10837"}],"version-history":[{"count":0,"href":"https:\/\/latecordoba.com\/index.php\/wp-json\/wp\/v2\/posts\/10837\/revisions"}],"wp:featuredmedia":[{"embeddable":true,"href":"https:\/\/latecordoba.com\/index.php\/wp-json\/wp\/v2\/media\/10838"}],"wp:attachment":[{"href":"https:\/\/latecordoba.com\/index.php\/wp-json\/wp\/v2\/media?parent=10837"}],"wp:term":[{"taxonomy":"category","embeddable":true,"href":"https:\/\/latecordoba.com\/index.php\/wp-json\/wp\/v2\/categories?post=10837"},{"taxonomy":"post_tag","embeddable":true,"href":"https:\/\/latecordoba.com\/index.php\/wp-json\/wp\/v2\/tags?post=10837"}],"curies":[{"name":"wp","href":"https:\/\/api.w.org\/{rel}","templated":true}]}}