{"id":10825,"date":"2023-07-01T04:13:56","date_gmt":"2023-07-01T04:13:56","guid":{"rendered":"https:\/\/viapais.com.ar\/arroyito\/tomas-schiavoni-futbolista-de-arroyito-que-se-destaca-en-estudiantes-de-rio-cuarto\/"},"modified":"2023-07-01T04:13:56","modified_gmt":"2023-07-01T04:13:56","slug":"tomas-schiavoni-futbolista-de-arroyito-que-se-destaca-en-estudiantes-de-rio-cuarto","status":"publish","type":"post","link":"https:\/\/latecordoba.com\/index.php\/2023\/07\/01\/tomas-schiavoni-futbolista-de-arroyito-que-se-destaca-en-estudiantes-de-rio-cuarto\/","title":{"rendered":"Tom\u00e1s Schiavoni, futbolista de Arroyito que se destaca en Estudiantes de R\u00edo Cuarto"},"content":{"rendered":"\n<p><b>El joven de nuestra ciudad <\/b>lleg\u00f3, luego de su paso por Racing de C\u00f3rdoba, al Le\u00f3n del <b>Imperio del Sur <\/b>donde se gan\u00f3 un lugar en el <b>equipo de Cuarta Divisi\u00f3n<\/b> que compite en la Zona B del torneo de la Primera Nacional en<b> Inferiores de AFA<\/b> y en la <b>reserva que compite en el certamen de la Liga Regional <\/b>de F\u00fatbol R\u00edo Cuarto donde <b>gan\u00f3 el Apertura con el celeste.<\/b><\/p>\n<figure><picture><img alt=\"Tom\u00e1s Schiavoni de Arroyito a Estudiantes de R\u00edo Cuarto\" class=\"lazyload block \" loading=\"lazy\" sizes=\"auto\" data-src=\"http:\/\/latecordoba.com\/wp-content\/uploads\/2023\/07\/tomas-schiavoni-futbolista-de-arroyito-que-se-destaca-en-estudiantes-de-rio-cuarto.jpg\" width=\"1023px\" fetchpriority=\"low\" height=\"715px\"><\/picture><figcaption class>Tom\u00e1s Schiavoni de Arroyito a Estudiantes de R\u00edo Cuarto Foto: Facebook Personal<\/figcaption><\/figure>\n<div class=\"container undefined\">\n<div class=\"clearfix\"><\/div>\n<\/div>\n<figure><picture><img alt=\"Tom\u00e1s Schiavoni de Arroyito a Estudiantes de R\u00edo Cuarto\" class=\"lazyload block \" loading=\"lazy\" sizes=\"auto\" data-src=\"http:\/\/latecordoba.com\/wp-content\/uploads\/2023\/07\/tomas-schiavoni-futbolista-de-arroyito-que-se-destaca-en-estudiantes-de-rio-cuarto-1.jpg\" width=\"1023px\" fetchpriority=\"low\" height=\"676px\"><\/picture><figcaption class>Tom\u00e1s Schiavoni de Arroyito a Estudiantes de R\u00edo Cuarto Foto: Facebook Personal<\/figcaption><\/figure>\n<p><b>Schiavoni en el torneo de AFA viene de empatar<\/b> en su \u00faltimo compromiso ante San Mart\u00edn de Mendoza como visitante uno a uno.<b> Tom\u00e1s comentaba \u201cllegu\u00e9 a principios de este a\u00f1o<\/b> luego de una prueba que hice el a\u00f1o pasado y si <b>tuvimos un buen arranque tanto en AFA como en la reserva<\/b>\u201d adem\u00e1s agreg\u00f3 \u201cuna de las <b>principales diferencias que encontr\u00e9<\/b> respecto a lo que ven\u00eda jugando es el torneo de AFA, lo cual conlleva<b> viajes y dem\u00e1s<\/b>; en cuanto al <b>entrenamiento es m\u00e1s o menos parecido <\/b>a lo que ya hac\u00eda en Racing\u201d comentaba.<\/p>\n<figure><picture><img alt=\"Tom\u00e1s Schiavoni de Arroyito a Estudiantes de R\u00edo Cuarto\" class=\"lazyload block \" loading=\"lazy\" sizes=\"auto\" data-src=\"http:\/\/latecordoba.com\/wp-content\/uploads\/2023\/07\/tomas-schiavoni-futbolista-de-arroyito-que-se-destaca-en-estudiantes-de-rio-cuarto-2.jpg\" width=\"1023px\" fetchpriority=\"low\" height=\"1001px\"><\/picture><figcaption class>Tom\u00e1s Schiavoni de Arroyito a Estudiantes de R\u00edo Cuarto Foto: Facebook Personal<\/figcaption><\/figure>\n<figure><picture><img alt=\"Tom\u00e1s Schiavoni de Arroyito a Estudiantes de R\u00edo Cuarto\" class=\"lazyload block \" loading=\"lazy\" sizes=\"auto\" data-src=\"http:\/\/latecordoba.com\/wp-content\/uploads\/2023\/07\/tomas-schiavoni-futbolista-de-arroyito-que-se-destaca-en-estudiantes-de-rio-cuarto-3.jpg\" width=\"1023px\" fetchpriority=\"low\" height=\"520px\"><\/picture><figcaption class>Tom\u00e1s Schiavoni de Arroyito a Estudiantes de R\u00edo Cuarto Foto: Facebook Personal<\/figcaption><\/figure>\n<div class=\"container undefined\">\n<div class=\"clearfix\"><\/div>\n<\/div>\n<p>Tom\u00e1s coment\u00f3 del paso en el<b> Club Sportivo 24 de Septiembre y Proyecto Crecer<\/b> de San Francisco en sus inicios en el deporte \u201c<b>del 24 tengo muy buenos recuerdos,<\/b> siempre me trataron muy bien, ya sea entrenadores, compa\u00f1eros o dirigentes <b>m\u00e1s el a\u00f1o pasado cuando quede libre de Racing y me permitieron entrenar con la primera<\/b>, tengo muy lindos recuerdos\u201d respecto a lo que se plantea en este nuevo desaf\u00edo <b>\u201cmi objetivo en el club es crecer y mejorar futbol\u00edsticamente <\/b>y el d\u00eda de ma\u00f1ana se me d\u00e9 <b>poder vivir de esto,<\/b> en lo grupal <b>pelear por el campeonato tanto en reserva como en AFA y ser competitivos\u201d.<\/b><\/p>\n<figure><picture><img alt=\"Tom\u00e1s Schiavoni de Arroyito a Estudiantes de R\u00edo Cuarto\" class=\"lazyload block \" loading=\"lazy\" sizes=\"auto\" data-src=\"http:\/\/latecordoba.com\/wp-content\/uploads\/2023\/07\/tomas-schiavoni-futbolista-de-arroyito-que-se-destaca-en-estudiantes-de-rio-cuarto-4.jpg\" width=\"1023px\" fetchpriority=\"low\" height=\"1398px\"><\/picture><figcaption class>Tom\u00e1s Schiavoni de Arroyito a Estudiantes de R\u00edo Cuarto Foto: Facebook Personal<\/figcaption><\/figure>\n<figure><picture><img alt=\"Tom\u00e1s Schiavoni de Arroyito a Estudiantes de R\u00edo Cuarto\" class=\"lazyload block \" loading=\"lazy\" sizes=\"auto\" data-src=\"http:\/\/latecordoba.com\/wp-content\/uploads\/2023\/07\/tomas-schiavoni-futbolista-de-arroyito-que-se-destaca-en-estudiantes-de-rio-cuarto-5.jpg\" width=\"1023px\" fetchpriority=\"low\" height=\"681px\"><\/picture><figcaption class>Tom\u00e1s Schiavoni de Arroyito a Estudiantes de R\u00edo Cuarto Foto: Facebook Personal<\/figcaption><\/figure>\n<div class=\"container undefined\">\n<div class=\"clearfix\"><\/div>\n<\/div>\n","protected":false},"excerpt":{"rendered":"<p>El joven de nuestra ciudad lleg\u00f3, luego de su paso por Racing de C\u00f3rdoba, al Le\u00f3n del Imperio del Sur donde se gan\u00f3 un lugar en el equipo de Cuarta Divisi\u00f3n que compite en la Zona B del torneo de la Primera Nacional en Inferiores de AFA y en la reserva que compite en el [&hellip;]<\/p>\n","protected":false},"author":1,"featured_media":10826,"comment_status":"closed","ping_status":"closed","sticky":false,"template":"","format":"standard","meta":[],"categories":[15],"tags":[],"_links":{"self":[{"href":"https:\/\/latecordoba.com\/index.php\/wp-json\/wp\/v2\/posts\/10825"}],"collection":[{"href":"https:\/\/latecordoba.com\/index.php\/wp-json\/wp\/v2\/posts"}],"about":[{"href":"https:\/\/latecordoba.com\/index.php\/wp-json\/wp\/v2\/types\/post"}],"author":[{"embeddable":true,"href":"https:\/\/latecordoba.com\/index.php\/wp-json\/wp\/v2\/users\/1"}],"replies":[{"embeddable":true,"href":"https:\/\/latecordoba.com\/index.php\/wp-json\/wp\/v2\/comments?post=10825"}],"version-history":[{"count":0,"href":"https:\/\/latecordoba.com\/index.php\/wp-json\/wp\/v2\/posts\/10825\/revisions"}],"wp:featuredmedia":[{"embeddable":true,"href":"https:\/\/latecordoba.com\/index.php\/wp-json\/wp\/v2\/media\/10826"}],"wp:attachment":[{"href":"https:\/\/latecordoba.com\/index.php\/wp-json\/wp\/v2\/media?parent=10825"}],"wp:term":[{"taxonomy":"category","embeddable":true,"href":"https:\/\/latecordoba.com\/index.php\/wp-json\/wp\/v2\/categories?post=10825"},{"taxonomy":"post_tag","embeddable":true,"href":"https:\/\/latecordoba.com\/index.php\/wp-json\/wp\/v2\/tags?post=10825"}],"curies":[{"name":"wp","href":"https:\/\/api.w.org\/{rel}","templated":true}]}}