{"id":10823,"date":"2023-07-01T00:49:54","date_gmt":"2023-07-01T00:49:54","guid":{"rendered":"https:\/\/www.lapoliticaonline.com\/politica\/alberto-recibio-a-scioli\/"},"modified":"2023-07-01T00:49:54","modified_gmt":"2023-07-01T00:49:54","slug":"alberto-recibio-a-scioli","status":"publish","type":"post","link":"https:\/\/latecordoba.com\/index.php\/2023\/07\/01\/alberto-recibio-a-scioli\/","title":{"rendered":"Alberto recibi\u00f3 a Scioli"},"content":{"rendered":"\n<div><img decoding=\"async\" src=\"http:\/\/latecordoba.com\/wp-content\/uploads\/2023\/07\/alberto-recibio-a-scioli.jpg\" class=\"ff-og-image-inserted\"><\/div>\n<div id=\"vsmcontent\" readability=\"103\">\n<p><span>El presidente Alberto Fern\u00e1ndez se reuni\u00f3 este viernes en la Casa Rosada con el embajador en Brasil, Daniel Scioli, con quien dialog\u00f3 acerca de las tareas diplom\u00e1ticas que viene realizando para fortalecer la relaci\u00f3n bilateral entre ambos pa\u00edses.<\/span><\/p>\n<p>Fern\u00e1ndez se\u00f1al\u00f3 luego del encuentro que el &#8220;compromiso institucional de Daniel es muy claro y debemos aprovechar tanto su conocimiento como su capital pol\u00edtico&#8221;, inform\u00f3 la Presidencia de la Naci\u00f3n en un comunicado. <\/p>\n<p>Adem\u00e1s, destac\u00f3 que con Scioli lo une &#8220;una amistad de m\u00e1s de 20 a\u00f1os y la b\u00fasqueda de una sociedad m\u00e1s justa y democr\u00e1tica&#8221;. <\/p>\n<p>El embajador en Brasil dialog\u00f3 con el presidente tras participar en el CCK, junto con los ministros de Econom\u00eda, Sergio Massa; de Turismo y Deportes, Mat\u00edas Lammens y de Transporte, Diego Giuliano, del acto de lanzamiento de la temporada tur\u00edstica de invierno 2023, en la que se estima que recorran la Argentina m\u00e1s de 5,5 millones de turistas nacionales y m\u00e1s de 1,5 millones de turistas extranjeros. <\/p>\n<p>All\u00ed, Scioli -en su discurso- se refiri\u00f3 a Massa como &#8220;amigo ministro de Econom\u00eda, candidato a presidente Sergio Massa&#8221;, en alusi\u00f3n a la precandidatura del funcionario por Uni\u00f3n por la Patria. <\/p>\n<p>Adem\u00e1s, reconoci\u00f3 el trabajo del ministro, quien lo recibi\u00f3 ayer en la cartera que encabeza, por poner en valor el rol central de Aerol\u00edneas Argentinas en el pa\u00eds y su &#8220;impacto positivo&#8221; en todos los campos de la actividad econ\u00f3mica, especialmente en el turismo. <\/p>\n<p>En ese marco, record\u00f3 la tarea desarrollada por la embajada a su cargo para incrementar el turismo desde Brasil, y mencion\u00f3 entre otras acciones la recuperaci\u00f3n del &#8220;emblem\u00e1tico&#8221; vuelo que une Aeroparque con Brasilia.&nbsp;<\/p>\n<\/div>\n<p><strong>Copyright La Politica Online SA 2023.<\/strong><br \/>Por favor no corte ni pegue en la web nuestras notas, tiene la posibilidad de redistribuirlas usando nuestras herramientas.<\/p>\n","protected":false},"excerpt":{"rendered":"<p> Alberto Fern\u00e1ndez se reuni\u00f3n con Daniel Scioli para limar asperezas tras el cierre de listas. El Presidente elogi\u00f3 su compromiso y destac\u00f3 la necesidad de &#8220;aprovechar tanto su conocimiento como su capital pol\u00edtico&#8221;.  <\/p>\n","protected":false},"author":1,"featured_media":10824,"comment_status":"closed","ping_status":"closed","sticky":false,"template":"","format":"standard","meta":[],"categories":[18],"tags":[],"_links":{"self":[{"href":"https:\/\/latecordoba.com\/index.php\/wp-json\/wp\/v2\/posts\/10823"}],"collection":[{"href":"https:\/\/latecordoba.com\/index.php\/wp-json\/wp\/v2\/posts"}],"about":[{"href":"https:\/\/latecordoba.com\/index.php\/wp-json\/wp\/v2\/types\/post"}],"author":[{"embeddable":true,"href":"https:\/\/latecordoba.com\/index.php\/wp-json\/wp\/v2\/users\/1"}],"replies":[{"embeddable":true,"href":"https:\/\/latecordoba.com\/index.php\/wp-json\/wp\/v2\/comments?post=10823"}],"version-history":[{"count":0,"href":"https:\/\/latecordoba.com\/index.php\/wp-json\/wp\/v2\/posts\/10823\/revisions"}],"wp:featuredmedia":[{"embeddable":true,"href":"https:\/\/latecordoba.com\/index.php\/wp-json\/wp\/v2\/media\/10824"}],"wp:attachment":[{"href":"https:\/\/latecordoba.com\/index.php\/wp-json\/wp\/v2\/media?parent=10823"}],"wp:term":[{"taxonomy":"category","embeddable":true,"href":"https:\/\/latecordoba.com\/index.php\/wp-json\/wp\/v2\/categories?post=10823"},{"taxonomy":"post_tag","embeddable":true,"href":"https:\/\/latecordoba.com\/index.php\/wp-json\/wp\/v2\/tags?post=10823"}],"curies":[{"name":"wp","href":"https:\/\/api.w.org\/{rel}","templated":true}]}}