{"id":10797,"date":"2023-06-30T20:32:46","date_gmt":"2023-06-30T20:32:46","guid":{"rendered":"https:\/\/www.animalgourmet.com\/?p=95368"},"modified":"2023-06-30T20:32:46","modified_gmt":"2023-06-30T20:32:46","slug":"festival-del-pulque-y-otros-eventos-para-este-fin-en-cdmx","status":"publish","type":"post","link":"https:\/\/latecordoba.com\/index.php\/2023\/06\/30\/festival-del-pulque-y-otros-eventos-para-este-fin-en-cdmx\/","title":{"rendered":"Festival del Pulque y otros eventos para este fin en CDMX"},"content":{"rendered":"\n<p>Este fin de semana en la Ciudad de M\u00e9xico, hay una amplia variedad de actividades para disfrutar al m\u00e1ximo. Si eres amante de comer mientras aprendes, no puedes perderte del <strong>Festival Artesanal de Caf\u00e9, Chocolate<\/strong>; <strong>Festival del Pulque, Gastronom\u00eda T\u00edpica y Mezcal; la Feria Internacional de las Artesan\u00edas y muchas m\u00e1s actividades.<\/strong><\/p>\n<p>La CDMX ofrece una vibrante escena gastron\u00f3mica, con una amplia variedad de restaurantes y mercados callejeros donde podr\u00e1s degustar sabores aut\u00e9nticos. \u00a1No importa qu\u00e9 elijas, el fin de semana en la CDMX siempre promete emociones y experiencias inolvidables!<\/p>\n<div id=\"attachment_95370\" class=\"wp-caption aligncenter\"><img aria-describedby=\"caption-attachment-95370\" decoding=\"async\" loading=\"lazy\" class=\"wp-image-95370 size-full\" src=\"http:\/\/latecordoba.com\/wp-content\/uploads\/2023\/07\/festival-del-pulque-y-otros-eventos-para-este-fin-en-cdmx.jpg\" alt=\"Comida callejera en la CDMX\" width=\"1200\" height=\"800\"><\/p>\n<p id=\"caption-attachment-95370\" class=\"wp-caption-text\">Foto: Pexels\/Jorge Acre<\/p>\n<\/div>\n<p>Este 1 y 2 de julio se llevar\u00e1 a cabo el <a target=\"_blank\" href=\"https:\/\/www.facebook.com\/festivalartesanalcafechocolateymas\/posts\/pfbid036ayzmLgdYPrxuKLyTyiPQ72CResKoTk72ewuTPumT5hHyy93J7aZA8Td5BHHEtsQl\" rel=\"noopener\">Festival Artesanal de Caf\u00e9, Chocolate y m\u00e1s<\/a> en Coyoac\u00e1n. <strong>El evento ser\u00e1&nbsp;<em>pet friendly <\/em>y contar\u00e1 con m\u00e1s de 60 expositores.<\/strong><\/p>\n<p>Habr\u00e1 m\u00fasica en vivo, antojitos, mezcales, joyas, accesorios, ropa, productos gourmet, y mucho m\u00e1s. Las marcas que estar\u00e1n presente ser\u00e1n el <strong>Caf\u00e9 Santa B\u00e1rbara, Sasa Bamb\u00fa, Daleny, Vaconse, Chocolater\u00eda Emirel, Bodegas La Veneciana y m\u00e1s.<\/strong><\/p>\n<p>Lo mejor es que con cada $200 pesos de compra recibir\u00e1s un boleto para una rifa que ser\u00e1 el s\u00e1bado 1 de junio a las 19:40, y otra el domingo 2 a la misma hora. En ambas habr\u00e1 premios como cafeteras, botellas de vino y canastas de los expositores.<\/p>\n<div id=\"attachment_95371\" class=\"wp-caption aligncenter\" readability=\"33\"><img aria-describedby=\"caption-attachment-95371\" decoding=\"async\" loading=\"lazy\" class=\"wp-image-95371 size-full\" src=\"http:\/\/latecordoba.com\/wp-content\/uploads\/2023\/07\/festival-del-pulque-y-otros-eventos-para-este-fin-en-cdmx-1.jpg\" alt=\"Festival Artesanal Caf\u00e9, Chocolate y m\u00e1s\" width=\"2048\" height=\"1513\"><\/p>\n<p id=\"caption-attachment-95371\" class=\"wp-caption-text\">Foto: Facebook Festival Artesanal Caf\u00e9, Chocolate y m\u00e1s.<\/p>\n<\/div>\n<ul>\n<li><strong>Lugar:<\/strong> Miguel \u00c1ngel de Quevedo 296, Santa Catarina, Coyoac\u00e1n, CDMX<\/li>\n<li><strong>Horario:<\/strong> 1 y 2 de julio de 15:00 a 20:00 horas<\/li>\n<li><strong>Costo: <\/strong>Entrada libre<\/li>\n<\/ul>\n<p>M\u00e1s de 150 variedades de <a target=\"_blank\" href=\"https:\/\/www.animalgourmet.com\/2021\/04\/20\/10-cosas-que-hay-que-saber-del-pulque\/\" rel=\"noopener\">pulque y mezcal<\/a>, as\u00ed como catas gratuitas de ambas bebidas se realizar\u00e1n en la segunda edici\u00f3n del F<strong>estival del Pulque, Gastronom\u00eda T\u00edpica y Mezcal que se celebrar\u00e1 en la Condesa.<\/strong><\/p>\n<p>El costo de las entradas incluye un boleto para la rifa que se realizar\u00e1 y una jicarita para los tragos, mismos que podr\u00e1s acompa\u00f1ar con comida mexicana que habr\u00e1 en el recinto.<\/p>\n<p>Si quieres ir al <strong>Festival del Pulque, Gastronom\u00eda T\u00edpica y Mezcal<\/strong> en bici tendr\u00e1s un descuento extra ya sea que llegues solo o&nbsp; la rodada de los colectivos Fridas en Bici GAM, Caravana Ciclista CDMX o Bike Girls Oriente.<\/p>\n<p>Aunque las&nbsp;catas de pulque y mezcal ser\u00e1n gratuitas,&nbsp;es necesario asegurar tu lugar registr\u00e1ndote<strong><a target=\"_blank\" href=\"https:\/\/docs.google.com\/forms\/d\/e\/1FAIpQLSepU6TXuPQKppG10zKQrka3IsAhIukfIk9BxS2maiUdQz6luA\/viewform\" rel=\"noreferrer noopener nofollow\"> aqu\u00ed.<\/a><\/strong><\/p>\n<h3>Catas<\/h3>\n<p>S\u00e1bado 1 de julio<\/p>\n<ul>\n<li>Catas de pulque, 13:00 y 19:00 horas<\/li>\n<li>Cata de mezcal, 16:00 horas<\/li>\n<\/ul>\n<p>Domingo 2 de julio<\/p>\n<ul>\n<li>Catas de mezcal, 12:00 y 18:00 horas<\/li>\n<li>Cata de pulque, 15:00 horas<\/li>\n<\/ul>\n<div id=\"attachment_95372\" class=\"wp-caption aligncenter\" readability=\"32\"><img aria-describedby=\"caption-attachment-95372\" decoding=\"async\" loading=\"lazy\" class=\"wp-image-95372 size-full\" src=\"http:\/\/latecordoba.com\/wp-content\/uploads\/2023\/07\/festival-del-pulque-y-otros-eventos-para-este-fin-en-cdmx-2.jpg\" alt=\"Festival del Pulque se realizar\u00e1 en Condesa\" width=\"1200\" height=\"620\"><\/p>\n<p id=\"caption-attachment-95372\" class=\"wp-caption-text\">Foto: Facebook Adelitas Empresarias<\/p>\n<\/div>\n<ul>\n<li><strong>Fecha:<\/strong> S\u00e1bado 1 y domingo 2 de julio<\/li>\n<li><strong>Horario:<\/strong> 12:00 a 20:00 horas<\/li>\n<li><strong>Precio:<\/strong> $40 preventa, $50 el d\u00eda del evento, $25 ciclistas<\/li>\n<li><strong>Lugar:<\/strong>&nbsp;Dom\u00e9stico (Nuevo Le\u00f3n 80, Hip\u00f3dromo Condesa)<\/li>\n<\/ul>\n<p>Alebrijes, arte huichol, cer\u00e1mica y mucho m\u00e1s podr\u00e1s encontrar en la edici\u00f3n 20 de la <strong>Feria Internacional de Artesan\u00edas&nbsp;Las Manos del Mundo.<\/strong><\/p>\n<p>En esta feria puedes encontrar el trabajo de <strong>m\u00e1s de 200 artesanos<\/strong> que exhibir\u00e1n sus ra\u00edces, sabores, sus colores y tradiciones, con el objetivo de impulsar las <strong>artesan\u00edas mexicanas<\/strong> y de otros pa\u00edses sin intermediarios.<\/p>\n<p>Entre los estados que formar\u00e1n parte del magno evento, destacan&nbsp;<strong>Tlaxcala<\/strong>,&nbsp;<strong>Oaxaca<\/strong>,&nbsp;<strong>Chiapas<\/strong>,&nbsp;<strong>Michoac\u00e1n<\/strong>,&nbsp;<strong>Morelos<\/strong>,&nbsp;<strong>Estado de M\u00e9xico<\/strong>,&nbsp;<strong>Puebla<\/strong>,&nbsp;<strong>Guerrero<\/strong>,&nbsp;<strong>Hidalgo<\/strong>,<strong>&nbsp;Jalisco<\/strong>,&nbsp;<strong>Quer\u00e9taro<\/strong>,&nbsp;<strong>Yucat\u00e1n<\/strong>,&nbsp;<strong>Chihuahua<\/strong>&nbsp;y&nbsp;<strong>Baja California<\/strong>.<\/p>\n<p>Adem\u00e1s podr\u00e1s comprar productos como dulces mexicanos t\u00edpicos, quesos, mezcal, tequila, caf\u00e9, cerveza artesanal, mole, carne, semillas secas y m\u00e1s. Esta 20\u00aa edici\u00f3n tendr\u00e1 participantes internacionales tambi\u00e9n, provenientes de <strong>Turqu\u00eda, Bolivia, Argentina, Per\u00fa, Colombia y Grecia.<\/strong><\/p>\n<div id=\"attachment_95373\" class=\"wp-caption aligncenter\" readability=\"32\"><img aria-describedby=\"caption-attachment-95373\" decoding=\"async\" loading=\"lazy\" class=\"wp-image-95373 size-full\" src=\"http:\/\/latecordoba.com\/wp-content\/uploads\/2023\/07\/festival-del-pulque-y-otros-eventos-para-este-fin-en-cdmx-3.jpg\" alt=\"Feria de las Artesan\u00edas\" width=\"1200\" height=\"800\"><\/p>\n<p id=\"caption-attachment-95373\" class=\"wp-caption-text\">Foto: Facebook Las Manos del Mundo<\/p>\n<\/div>\n<ul>\n<li><strong>Fecha:<\/strong> 30 de julio al 2 de julio<\/li>\n<li><strong>Horario:<\/strong> 11:00 a 19:00<\/li>\n<li><strong>Precio: <\/strong>$50, personas con credencial del INAPAM y ni\u00f1os menores de 9 a\u00f1os entran GRATIS.<\/li>\n<li><strong>Lugar:<\/strong> Expo Reforma, ubicado en la colonia Ju\u00e1rez. Av. Morelos 67, Ju\u00e1rez, Cuauht\u00e9moc<\/li>\n<\/ul>\n<p><strong>Si te gustan los eventos como el Festival del Pulque o las ferias, cada viernes encuentra nuestras carteleras de qu\u00e9 hacer en la CDMX.<\/strong><\/p>\n<p><!-- AI CONTENT END 1 -->  <\/p>\n","protected":false},"excerpt":{"rendered":"<p> Este fin de semana en la Ciudad de M\u00e9xico, hay una amplia variedad de actividades para disfrutar al m\u00e1ximo. Si eres amante de comer mientras aprendes, no puedes perderte del Festival Artesanal de Caf\u00e9, Chocolate; Festival del Pulque, Gastronom\u00eda T\u00edpica y Mezcal; la Feria Internacional de las Artesan\u00edas y muchas m\u00e1s actividades. La CDMX ofrece [&#8230;]  <\/p>\n","protected":false},"author":1,"featured_media":10798,"comment_status":"closed","ping_status":"closed","sticky":false,"template":"","format":"standard","meta":[],"categories":[21],"tags":[],"_links":{"self":[{"href":"https:\/\/latecordoba.com\/index.php\/wp-json\/wp\/v2\/posts\/10797"}],"collection":[{"href":"https:\/\/latecordoba.com\/index.php\/wp-json\/wp\/v2\/posts"}],"about":[{"href":"https:\/\/latecordoba.com\/index.php\/wp-json\/wp\/v2\/types\/post"}],"author":[{"embeddable":true,"href":"https:\/\/latecordoba.com\/index.php\/wp-json\/wp\/v2\/users\/1"}],"replies":[{"embeddable":true,"href":"https:\/\/latecordoba.com\/index.php\/wp-json\/wp\/v2\/comments?post=10797"}],"version-history":[{"count":0,"href":"https:\/\/latecordoba.com\/index.php\/wp-json\/wp\/v2\/posts\/10797\/revisions"}],"wp:featuredmedia":[{"embeddable":true,"href":"https:\/\/latecordoba.com\/index.php\/wp-json\/wp\/v2\/media\/10798"}],"wp:attachment":[{"href":"https:\/\/latecordoba.com\/index.php\/wp-json\/wp\/v2\/media?parent=10797"}],"wp:term":[{"taxonomy":"category","embeddable":true,"href":"https:\/\/latecordoba.com\/index.php\/wp-json\/wp\/v2\/categories?post=10797"},{"taxonomy":"post_tag","embeddable":true,"href":"https:\/\/latecordoba.com\/index.php\/wp-json\/wp\/v2\/tags?post=10797"}],"curies":[{"name":"wp","href":"https:\/\/api.w.org\/{rel}","templated":true}]}}