{"id":1079,"date":"2023-02-14T03:05:31","date_gmt":"2023-02-14T03:05:31","guid":{"rendered":"https:\/\/www.diariocronica.com.ar\/noticias\/2023\/02\/14\/77363-martin-villagranlos-jugadores-piensan-mas-en-lo-colectivo-que-en-lo-individual"},"modified":"2023-02-14T03:05:31","modified_gmt":"2023-02-14T03:05:31","slug":"martin-villagran-los-jugadores-piensan-mas-en-lo-colectivo-que-en-lo-individual","status":"publish","type":"post","link":"https:\/\/latecordoba.com\/index.php\/2023\/02\/14\/martin-villagran-los-jugadores-piensan-mas-en-lo-colectivo-que-en-lo-individual\/","title":{"rendered":"Mart\u00edn Villagr\u00e1n:\u00a0\u201cLos jugadores piensan m\u00e1s en lo colectivo que en lo individual\u201d"},"content":{"rendered":"\n<div class=\"media_block\"><a href=\"http:\/\/latecordoba.com\/wp-content\/uploads\/2023\/02\/martin-villagran-los-jugadores-piensan-mas-en-lo-colectivo-que-en-lo-individual.jpg\"><img decoding=\"async\" src=\"http:\/\/latecordoba.com\/wp-content\/uploads\/2023\/02\/martin-villagran-los-jugadores-piensan-mas-en-lo-colectivo-que-en-lo-individual.jpg\" class=\"media_thumbnail\"><\/a><\/div>\n<p>\nEl entrenador Mart\u00edn Villagr\u00e1n resalt\u00f3 que &#8220;este momento es \u00fanico&#8221; luego de d\u00edas agotadores en todo sentido, debido a los dos exigentes partidos y porque ayer arrib\u00f3 a nuestra ciudad habiendo dormido apenas una hora.\n<\/p>\n<div readability=\"162\">\n<p>Gimnasia disfruta de su tercera estrella en m\u00e1s de 33 a\u00f1os de competencia ininterrumpida en el b\u00e1squetbol nacional de mayor nivel, luego de obtener la Copa S\u00faper 20 en Buenos Aires y asegurarse un lugar en la pr\u00f3xima edici\u00f3n de la Liga Sudamericana, \u201ceste momento es \u00fanico. Tengo que agradecerle a los jugadores por pensar m\u00e1s en lo colectivo y en el equipo que en ellos mismos\u201d, resalt\u00f3 el entrenador Mart\u00edn Villagr\u00e1n luego de d\u00edas agotadores en todo sentido, debido a los dos exigentes partidos y porque ayer arrib\u00f3 a nuestra ciudad habiendo dormido apenas una hora.<\/p>\n<p><img decoding=\"async\" src=\"http:\/\/latecordoba.com\/wp-content\/uploads\/2023\/02\/martin-villagran-los-jugadores-piensan-mas-en-lo-colectivo-que-en-lo-individual-1.jpg\" alt width=\"100%\"><\/p>\n<p>Si bien est\u00e1 cansado, la alegr\u00eda y la innumerable cantidad de llamados, mensajes, felicitaciones y pedidos de entrevistas no le dieron tiempo para relajarse, \u201cla felicidad es enorme porque despu\u00e9s de m\u00e1s de 19 a\u00f1os en el club pude colaborar para dejar una marca en la instituci\u00f3n\u201d, haciendo referencia a todos los roles posibles que cumpli\u00f3 en el \u201cMens-sana\u201d, agradeciendo tambi\u00e9n a \u201cla dirigencia por elaborar en forma conjunta un gran proyecto deportivo y garantizar siempre la profesionalidad para todos, al darnos las herramientas para que hagamos lo mejor posible\u201d, extendi\u00e9ndose con sus jugadores, \u201chicieron un esfuerzo enorme porque durante mucho tiempo y por diferentes motivos tuvimos una ficha menos, pero ni as\u00ed el equipo se cay\u00f3, y tambi\u00e9n rescato el gran cuerpo t\u00e9cnico que formamos y no me olvido de los hinchas, que nos hicieron llegar su respaldo siempre; creo que eso es el club, una gran familia y que entre todos conseguimos algo muy grande y que nos pone como un gran representante de la Patagonia\u201d.<\/p>\n<p><img decoding=\"async\" src=\"http:\/\/latecordoba.com\/wp-content\/uploads\/2023\/02\/martin-villagran-los-jugadores-piensan-mas-en-lo-colectivo-que-en-lo-individual-2.jpg\" alt width=\"100%\"><\/p>\n<h6>Anoche hubo festejos en el Socios.<\/h6>\n<p>Reconoce a la constancia y a la mentalidad como argumentos para hacer un muy buen certamen y adjudicarse los dos cruces con total suficiencia, \u201ces que nunca bajamos los brazos, siempre pensamos en positivo y creo que somos un equipo muy dif\u00edcil de defender, porque tenemos cinco jugadores con doble d\u00edgito y eso complica a cualquiera\u201d, indic\u00f3, \u201ccuando logramos ponernos duros atr\u00e1s, como lo hicimos en la final frente a Obras, aumentaron nuestras posibilidades de ganar\u201d.<\/p>\n<p>Justamente sobre el cotejo decisivo ante el anfitri\u00f3n explic\u00f3, \u201cllegamos al torneo con mucha ilusi\u00f3n y quer\u00edamos que terminara como finaliz\u00f3, pero estaba dif\u00edcil porque enfrentamos a un Obras que est\u00e1 muy bien y evidentemente nos cost\u00f3, pero lo pudimos resolver en el segundo tiempo, porque nos planteamos en dejarlo en 17 en cada uno de los \u00faltimos dos cuartos y as\u00ed llegamos a un final cerrado que, por nuestro repartido goleo, termin\u00f3 siendo para nosotros\u201d.<\/p>\n<p>Gimnasia ratific\u00f3 su protagonismo y tambi\u00e9n que es un real aspirante a pelear por el t\u00edtulo de la Liga Nacional, inclusive algunos jugadores se han animado a decirlo, no obstante Villagr\u00e1n no se aparta de su filosof\u00eda e idea constante, \u201custedes que son la prensa de Comodoro me conocen bien, siempre soy muy cauto en eso y es algo que trato de trasladarlo al equipo, m\u00e1s que nada para no irnos de foco y solo pensar en el pr\u00f3ximo partido, porque de esa manera hace mucho tiempo que estamos en los primeros lugares. Tenemos que festejar ahora un par de d\u00edas y luego solo pensar en el juego del viernes frente a Ol\u00edmpico, no m\u00e1s all\u00e1\u201d.<\/p>\n<h2>La espectacularidad&nbsp;de Menc\u00eda<\/h2>\n<p>Yoan Menc\u00eda es \u201cproducto\u201d del club y se ha convertido en el jugador franquicia, en la figura, en el goleador y en una de las atracciones de la Liga. Y Villagr\u00e1n lo entrena desde que lleg\u00f3 a la ciudad hace siete a\u00f1os desde Cuba, colaborando con su enorme crecimiento, \u201c\u00e9l solo se ha puesto as\u00ed y fue gracias al trabajo diario y en el doble turno que realiza, de hacer mucho tiempo extra despu\u00e9s de cada entrenamiento, donde sigue practicando triples, algo en lo que ha mejorado much\u00edsimo, adem\u00e1s, en los d\u00edas que el plantel tiene libre, \u00e9l viene a trabajar en lo individual y en lo f\u00edsico. No para de entrenar y por eso no hay muchos secretos. En su momento coment\u00f3 que lleg\u00f3 con 95 kilos al club y que hoy est\u00e1 en 115, en lo que es un aumento de pura potencia\u201d.<\/p>\n<h2>Ser\u00e1 internacional,&nbsp;en la Sudamericana&nbsp;o en la Champions<\/h2>\n<p>Con la obtenci\u00f3n de la Copa S\u00faper 20, Gimnasia se asegur\u00f3 un lugar en la pr\u00f3xima edici\u00f3n de la Liga Sudamericana, que ser\u00eda a fines de este a\u00f1o, y probablemente uno en la S\u00faper Copa que se viene desarrollando en los \u00faltimos a\u00f1os entre el campe\u00f3n de este certamen y el ganador de la Liga.<br \/>Pero hay una forma de que no afronte la Sudamericana, que ser\u00e1 si se ubica entre los tres primeros de la temporada 2022-2023 de la Liga, porque as\u00ed clasificar\u00e1 directamente a la Champions League, que es un campeonato de mayor prestigio continental y dejando el lugar de la LS para otro elenco argentino.<\/p>\n<h2>\u201cLa filosof\u00eda de siempre\u201d<\/h2>\n<p>Al t\u00e9rmino de la final en Obras se realiz\u00f3 la ceremonia de premiaci\u00f3n, luego siguieron los interminables festejos que se extendieron en la cancha, en el vestuario, en el traslado y en el hotel mismo; reci\u00e9n ah\u00ed y tras bastante tiempo el DT pudo hablar con sus dirigidos, \u201cles agradec\u00ed mucho por pensar m\u00e1s en lo colectivo que en lo individual, por priorizar al compa\u00f1ero y por hacer un juego en equipo, que en definitiva es la filosof\u00eda que tratamos de imponer desde un comienzo\u201d.<\/p>\n<p>Y rescata a la producci\u00f3n de los extranjeros iniciales, como Gerard DeVaughn y Tyrone White, \u201cellos ven\u00edan de ser campeones y goleadores en Uruguay y en M\u00e9xico, pero ac\u00e1 se han brindado mucho por el plantel entero, adem\u00e1s, son muy inteligentes porque entienden cuando el tr\u00e1mite est\u00e1 para un compa\u00f1ero y reparten el juego sin ning\u00fan problema, pero tambi\u00e9n se hacen cargo cuando los necesitamos\u201d.<\/p>\n<h2>El primer comodorense DT campe\u00f3n<\/h2>\n<p>Gimnasia consigui\u00f3 su tercer campeonato a nivel nacional luego de la Liga en el 2006, cuando Mart\u00edn dirig\u00eda la categor\u00eda cadetes y se consagr\u00f3 campe\u00f3n del torneo Latinoamericano que organiz\u00f3 el club La Uni\u00f3n de Mar del Plata, adem\u00e1s de ganar la Liga Patag\u00f3nica, y tambi\u00e9n el club celebr\u00f3 en el 2015 en el S\u00faper 4 Circus, donde fue dirigido por Gonzalo Garc\u00eda y donde Villagr\u00e1n fue primer asistente.<\/p>\n<p><img decoding=\"async\" src=\"http:\/\/latecordoba.com\/wp-content\/uploads\/2023\/02\/martin-villagran-los-jugadores-piensan-mas-en-lo-colectivo-que-en-lo-individual-3.jpg\" alt width=\"100%\"><\/p>\n<h6>Villagr\u00e1n junto a Benjam\u00edn y Tob\u00edas.<\/h6>\n<p>Con la Copa del domingo, hizo historia porque se convirti\u00f3 en el primer comodorense en obtener un t\u00edtulo con Gimnasia en una competencia de LNB -Nicol\u00e1s Casal\u00e1nguida fue AT de Dur\u00f3 en el 2006-.<\/p>\n<p>\u201cEs algo incre\u00edble. Una vez me preguntaron cu\u00e1l era mi sue\u00f1o y contest\u00e9 que mi objetivo era dejar una estrella en el club, y en verdad es todo un sue\u00f1o y desaf\u00edo porque es muy dif\u00edcil y complicado lograrlo, as\u00ed que esto para m\u00ed es una satisfacci\u00f3n y una alegr\u00eda enorme\u201d.<\/p>\n<p><img decoding=\"async\" src=\"http:\/\/latecordoba.com\/wp-content\/uploads\/2023\/02\/martin-villagran-los-jugadores-piensan-mas-en-lo-colectivo-que-en-lo-individual-4.jpg\" alt width=\"100%\"><\/p>\n<h6>Villagr\u00e1n, en historia grande de Gimnasia.<\/h6>\n<h4>\u201cSolo la pandemia me hizo alejar del club\u201d<\/h4>\n<p>Villagr\u00e1n est\u00e1 en la instituci\u00f3n desde los 11 a\u00f1os, \u201cy te aseguro que del club nunca me alej\u00e9 m\u00e1s de diez d\u00edas durante todo ese tiempo, solo en la pandemia, cuando estaban las restricciones y el Socios estuvo cerrado, no fui por un tiempo\u201d, por eso tiene un significado altamente especial haber sido campe\u00f3n en la \u00e9lite, \u201ces que empec\u00e9 a jugar desde muy chico y luego dirig\u00ed en todas las categor\u00edas, desde chicos de 4 a 13 a\u00f1os de edad y luego la primera local durante seis a\u00f1os\u201d, hasta ser asistente en la Liga de Marcelo Richotti, Miguel Volc\u00e1n S\u00e1nchez y Gonzalo Garc\u00eda, para a continuaci\u00f3n tomar la conducci\u00f3n principal, poner a Gimnasia constantemente en los primeros planos y conseguir un campeonato, que es el tercero desde 1990 cuando comenz\u00f3 la aventura mens-sana en lo m\u00e1s alto del b\u00e1squetbol argentino.<\/p>\n<p>Por eso la Comisi\u00f3n Directiva del \u201cVerde\u201d, desde hace tiempo, le ofreci\u00f3 la renovaci\u00f3n para la siguiente temporada, \u201cles estoy sumamente agradecidos a los dirigentes, pero ellos ya saben que en esta oportunidad prefiero esperar hasta que termine esta Liga, pero que no hay ning\u00fan problema\u201d.<\/p>\n<p><video controls=\"controls\" width=\"300\" height=\"150\"><source src=\"https:\/\/vr-media.storage.googleapis.com\/video\/cre_1325\/encoded\/67fb9c3f-31c5-4d59-85ad-aa0fdf7d3d3e.mp4\"><\/video>\n<\/div>\n","protected":false},"excerpt":{"rendered":"\n<div class=\"media_block\"><a href=\"http:\/\/latecordoba.com\/wp-content\/uploads\/2023\/02\/martin-villagran-los-jugadores-piensan-mas-en-lo-colectivo-que-en-lo-individual.jpg\"><img decoding=\"async\" src=\"http:\/\/latecordoba.com\/wp-content\/uploads\/2023\/02\/martin-villagran-los-jugadores-piensan-mas-en-lo-colectivo-que-en-lo-individual.jpg\" class=\"media_thumbnail\"><\/a><\/div>\n<p>El entrenador Mart\u00edn Villagr\u00e1n resalt\u00f3 que &#8220;este momento es \u00fanico&#8221; luego de d\u00edas agotadores en todo sentido, debido a los dos exigentes partidos y porque ayer arrib\u00f3 a nuestra ciudad habiendo dormido apenas una hora. <\/p>\n","protected":false},"author":1,"featured_media":1080,"comment_status":"closed","ping_status":"closed","sticky":false,"template":"","format":"standard","meta":[],"categories":[17],"tags":[],"_links":{"self":[{"href":"https:\/\/latecordoba.com\/index.php\/wp-json\/wp\/v2\/posts\/1079"}],"collection":[{"href":"https:\/\/latecordoba.com\/index.php\/wp-json\/wp\/v2\/posts"}],"about":[{"href":"https:\/\/latecordoba.com\/index.php\/wp-json\/wp\/v2\/types\/post"}],"author":[{"embeddable":true,"href":"https:\/\/latecordoba.com\/index.php\/wp-json\/wp\/v2\/users\/1"}],"replies":[{"embeddable":true,"href":"https:\/\/latecordoba.com\/index.php\/wp-json\/wp\/v2\/comments?post=1079"}],"version-history":[{"count":0,"href":"https:\/\/latecordoba.com\/index.php\/wp-json\/wp\/v2\/posts\/1079\/revisions"}],"wp:featuredmedia":[{"embeddable":true,"href":"https:\/\/latecordoba.com\/index.php\/wp-json\/wp\/v2\/media\/1080"}],"wp:attachment":[{"href":"https:\/\/latecordoba.com\/index.php\/wp-json\/wp\/v2\/media?parent=1079"}],"wp:term":[{"taxonomy":"category","embeddable":true,"href":"https:\/\/latecordoba.com\/index.php\/wp-json\/wp\/v2\/categories?post=1079"},{"taxonomy":"post_tag","embeddable":true,"href":"https:\/\/latecordoba.com\/index.php\/wp-json\/wp\/v2\/tags?post=1079"}],"curies":[{"name":"wp","href":"https:\/\/api.w.org\/{rel}","templated":true}]}}