{"id":1057,"date":"2023-02-14T03:36:50","date_gmt":"2023-02-14T03:36:50","guid":{"rendered":"https:\/\/viapais.com.ar\/cordoba\/frank-kudelka-puntero-con-un-lanus-de-puntaje-ideal-asi-quedaron-los-cordobeses-en-la-tabla\/"},"modified":"2023-02-14T03:36:50","modified_gmt":"2023-02-14T03:36:50","slug":"frank-kudelka-puntero-con-un-lanus-de-puntaje-ideal-asi-quedaron-los-cordobeses-en-la-tabla","status":"publish","type":"post","link":"https:\/\/latecordoba.com\/index.php\/2023\/02\/14\/frank-kudelka-puntero-con-un-lanus-de-puntaje-ideal-asi-quedaron-los-cordobeses-en-la-tabla\/","title":{"rendered":"Frank Kudelka, puntero con un Lan\u00fas de puntaje ideal: as\u00ed quedaron los cordobeses en la tabla"},"content":{"rendered":"<br \/>\n<section readability=\"29.856060606061\">\n<p>El Lan\u00fas dirigido por <a href=\"https:\/\/viapais.com.ar\/cordoba\/reconciliacion-talleres-le-dedico-un-video-a-frank-kudelka-en-su-cumpleanos\/\" target=\"_blank\" rel=\"noopener\"><b>Frank Kudelka<\/b><\/a><b> y con Lucas Acosta en el arco, <\/b><a href=\"https:\/\/viapais.com.ar\/cordoba\/belgrano-empato-y-goleo-a-lanus-en-los-amistosos-de-pretemporada-previo-a-liga-profesional-2023\/\" target=\"_blank\" rel=\"noopener\"><b>derrot\u00f3 2 a 0 a Estudiantes<\/b><\/a> en La Plata y se ubic\u00f3 como l\u00edder de la Liga Profesional, con puntaje ideal: tres jugados, tres ganados. Goles de <b>Jos\u00e9 Canale y Franco Troyansk<\/b>y. En la pr\u00f3xima fecha ser\u00e1 local de <b>Rosario Cenrtal, que es escolta.<\/b><\/p>\n<article class=\"article card \">\n<div class=\"article-inner \">\n<div class=\"article-image \"><a href=\"https:\/\/viapais.com.ar\/cordoba\/talleres-belgrano-e-instituto-en-primera-episodio-3-el-triunfo-de-la-t-en-boca-de-todos\/\" title=\"Talleres venci\u00f3 a Boca en el Estadio Kempes\"><\/p>\n<figure><picture><img decoding=\"async\" loading=\"lazy\" alt=\"Talleres venci\u00f3 a Boca en el Estadio Kempes\" class=\"lazyload block \" src=\"http:\/\/latecordoba.com\/wp-content\/uploads\/2023\/02\/frank-kudelka-puntero-con-un-lanus-de-puntaje-ideal-asi-quedaron-los-cordobeses-en-la-tabla.png\" sizes=\"auto\" data-src=\"https:\/\/viapais.com.ar\/resizer\/lBD8SpjxNF8DlOc9aPGqrotja5Q=\/307x173\/smart\/filters:quality(75):format(webp)\/cloudfront-us-east-1.images.arcpublishing.com\/grupoclarin\/T5O3D23JSNCZTCLD47K72KDQJM.JPG\" width=\"307px\" height=\"173px\"><\/picture><\/figure>\n<p><\/a><\/div>\n<\/div>\n<\/article>\n<p><b>Belgrano, con su victoria en Santiago<\/b> ante Central C\u00f3rdoba que lo llev\u00f3 a ser puntero provisoriamente, aparece <b>cuarto en la tabla, en el pelot\u00f3n<\/b> de equipos con siete puntos. Este <b>s\u00e1bado visitar\u00e1 a Argentinos Juniors <\/b>a las 19.15.<\/p>\n<article class=\"article card \">\n<div class=\"article-inner \">\n<div class=\"article-image \"><a href=\"https:\/\/viapais.com.ar\/cordoba\/belgrano-con-tigre-en-el-kempes-cuando-vuelve-al-gigante\/\" title=\"Belgrano\"><\/p>\n<figure><picture><img decoding=\"async\" loading=\"lazy\" alt=\"Belgrano\" class=\"lazyload block \" src=\"http:\/\/latecordoba.com\/wp-content\/uploads\/2023\/02\/frank-kudelka-puntero-con-un-lanus-de-puntaje-ideal-asi-quedaron-los-cordobeses-en-la-tabla.png\" sizes=\"auto\" data-src=\"https:\/\/viapais.com.ar\/resizer\/sslsz3-vxUFFQGTIPjJF7M4XFJ0=\/307x173\/smart\/filters:quality(75):format(webp)\/cloudfront-us-east-1.images.arcpublishing.com\/grupoclarin\/AC7IJD56CVERLBYHLODMWLKLSU.jpeg\" width=\"307px\" height=\"173px\"><\/picture><\/figure>\n<p><\/a><\/div>\n<\/div>\n<\/article>\n<p>Por su parte<b> Talleres hilvan\u00f3 con el 2 a 1 ante Boca Juniors<\/b> su segunda victoria consecutiva y est\u00e1 sexto en las posiciones con seis unidades. Volver\u00e1 a ser local <b>el domingo a las 21.30 en el Kempes frente a Central C\u00f3rdoba. <\/b><\/p>\n<div class=\"story-embeded story-youtube\">\n<p><iframe loading=\"lazy\" width=\"560\" height=\"315\" src=\"https:\/\/www.youtube.com\/embed\/zJITzRGKxWM?feature=oembed\" frameborder=\"0\" allow=\"accelerometer; autoplay; clipboard-write; encrypted-media; gyroscope; picture-in-picture; web-share\" allowfullscreen title=\"\u00a1EL GRANA GAN\u00d3 EN LA PLATA Y ES L\u00cdDER CON PUNTAJE IDEAL! | Estudiantes 0-2 Lan\u00fas | RESUMEN\">[embedded content]<\/iframe><\/p>\n<\/div>\n<p><b>Instituto<\/b> no pudo romper el cero otra vez como local, ahora ante <b>Hurac\u00e1n, <\/b>y se ubica d\u00e9cimo con cinco puntos.<b> Y es el \u00fanico equipo en el torneo con la valla sin goles.<\/b> Este viernes visitar\u00e1 a <b>Gimnasia de La Plata, a las 18.<\/b><\/p>\n<p><b>POSICIONES: <\/b>Lan\u00fas 9 puntos; Hurac\u00e1n, Rosario Central y<b> Belgrano 7; <\/b>River,<b> Talleres<\/b>, Defensa y Justicia, San Lorenzo y Godoy Cruz <b>6; Instituto,<\/b> Tigre y Platense 5.<\/p>\n<\/section>\n<div class=\"noreadme-audima\">\n<h2>Temas Relacionados<\/h2>\n<\/div>\n","protected":false},"excerpt":{"rendered":"<p>El Lan\u00fas dirigido por Frank Kudelka y con Lucas Acosta en el arco, derrot\u00f3 2 a 0 a Estudiantes en La Plata y se ubic\u00f3 como l\u00edder de la Liga Profesional, con puntaje ideal: tres jugados, tres ganados. Goles de Jos\u00e9 Canale y Franco Troyansky. En la pr\u00f3xima fecha ser\u00e1 local de Rosario Cenrtal, que [&hellip;]<\/p>\n","protected":false},"author":1,"featured_media":1058,"comment_status":"closed","ping_status":"closed","sticky":false,"template":"","format":"standard","meta":[],"categories":[15],"tags":[],"_links":{"self":[{"href":"https:\/\/latecordoba.com\/index.php\/wp-json\/wp\/v2\/posts\/1057"}],"collection":[{"href":"https:\/\/latecordoba.com\/index.php\/wp-json\/wp\/v2\/posts"}],"about":[{"href":"https:\/\/latecordoba.com\/index.php\/wp-json\/wp\/v2\/types\/post"}],"author":[{"embeddable":true,"href":"https:\/\/latecordoba.com\/index.php\/wp-json\/wp\/v2\/users\/1"}],"replies":[{"embeddable":true,"href":"https:\/\/latecordoba.com\/index.php\/wp-json\/wp\/v2\/comments?post=1057"}],"version-history":[{"count":0,"href":"https:\/\/latecordoba.com\/index.php\/wp-json\/wp\/v2\/posts\/1057\/revisions"}],"wp:featuredmedia":[{"embeddable":true,"href":"https:\/\/latecordoba.com\/index.php\/wp-json\/wp\/v2\/media\/1058"}],"wp:attachment":[{"href":"https:\/\/latecordoba.com\/index.php\/wp-json\/wp\/v2\/media?parent=1057"}],"wp:term":[{"taxonomy":"category","embeddable":true,"href":"https:\/\/latecordoba.com\/index.php\/wp-json\/wp\/v2\/categories?post=1057"},{"taxonomy":"post_tag","embeddable":true,"href":"https:\/\/latecordoba.com\/index.php\/wp-json\/wp\/v2\/tags?post=1057"}],"curies":[{"name":"wp","href":"https:\/\/api.w.org\/{rel}","templated":true}]}}