{"id":1055,"date":"2023-02-14T03:56:07","date_gmt":"2023-02-14T03:56:07","guid":{"rendered":"https:\/\/elnoticierodigital.com.ar\/?p=1262665"},"modified":"2023-02-14T03:56:07","modified_gmt":"2023-02-14T03:56:07","slug":"yasmin-corti-cruzo-fuerte-a-mimi-alvarado-en-el-hotel","status":"publish","type":"post","link":"https:\/\/latecordoba.com\/index.php\/2023\/02\/14\/yasmin-corti-cruzo-fuerte-a-mimi-alvarado-en-el-hotel\/","title":{"rendered":"Yasmin Corti cruz\u00f3 fuerte a Mimi Alvarado en El Hotel"},"content":{"rendered":"\n<div class=\"td-post-sharing-top\">\n<div id=\"td_social_sharing_article_top\" class=\"td-post-sharing td-ps-bg td-ps-notext td-post-sharing-style1 \">\n<div class=\"td-post-sharing-visible\"><a class=\"td-social-sharing-button td-social-sharing-button-js td-social-network td-social-facebook\" href=\"https:\/\/www.facebook.com\/sharer.php?u=https%3A%2F%2Felnoticierodigital.com.ar%2F2023%2F02%2F14%2Fyasmin-corti-cruzo-fuerte-a-mimi-alvarado-en-el-hotel%2F\" title=\"Facebook\"> <\/p>\n<p>Facebook<\/p>\n<p> <\/a><a class=\"td-social-sharing-button td-social-sharing-button-js td-social-network td-social-twitter\" href=\"https:\/\/twitter.com\/intent\/tweet?text=Yasmin+Corti+cruz%C3%B3+fuerte+a+Mimi+Alvarado+en+El+Hotel&amp;url=https%3A%2F%2Felnoticierodigital.com.ar%2F2023%2F02%2F14%2Fyasmin-corti-cruzo-fuerte-a-mimi-alvarado-en-el-hotel%2F&amp;via=El+Noticiero+Digital\" title=\"Twitter\"> <\/p>\n<p>Twitter<\/p>\n<p> <\/a><\/div>\n<\/div>\n<\/div>\n<div class=\"td-post-content tagdiv-type\" readability=\"42.029571984436\"> <!-- image --><\/p>\n<div class=\"td-post-featured-image\"><a href=\"https:\/\/i0.wp.com\/elnoticierodigital.com.ar\/wp-content\/uploads\/2023\/02\/1262665.jpg?fit=1052%2C665&amp;ssl=1\" data-caption><img decoding=\"async\" loading=\"lazy\" width=\"696\" height=\"440\" class=\"entry-thumb td-modal-image\" src=\"http:\/\/latecordoba.com\/wp-content\/uploads\/2023\/02\/yasmin-corti-cruzo-fuerte-a-mimi-alvarado-en-el-hotel.jpg\" srcset=\"http:\/\/latecordoba.com\/wp-content\/uploads\/2023\/02\/yasmin-corti-cruzo-fuerte-a-mimi-alvarado-en-el-hotel-2.jpg 1052w, http:\/\/latecordoba.com\/wp-content\/uploads\/2023\/02\/yasmin-corti-cruzo-fuerte-a-mimi-alvarado-en-el-hotel-3.jpg 300w, http:\/\/latecordoba.com\/wp-content\/uploads\/2023\/02\/yasmin-corti-cruzo-fuerte-a-mimi-alvarado-en-el-hotel-4.jpg 1024w, http:\/\/latecordoba.com\/wp-content\/uploads\/2023\/02\/yasmin-corti-cruzo-fuerte-a-mimi-alvarado-en-el-hotel-5.jpg 768w, http:\/\/latecordoba.com\/wp-content\/uploads\/2023\/02\/yasmin-corti-cruzo-fuerte-a-mimi-alvarado-en-el-hotel-6.jpg 150w, http:\/\/latecordoba.com\/wp-content\/uploads\/2023\/02\/yasmin-corti-cruzo-fuerte-a-mimi-alvarado-en-el-hotel.jpg 696w\" sizes=\"(max-width: 696px) 100vw, 696px\" alt title=\"1262665\"><\/a><\/div>\n<p> <!-- content --><\/p>\n<article readability=\"22\">El Hotel de los Famosos sigue su rumbo despu\u00e9s de que la producci\u00f3n expuls\u00f3 a Juan Martino por la denuncia de Flor Moyano. Si bien se conoci\u00f3 que el caso qued\u00f3 en manos de la Justicia, se espera que se resuelva en algunos d\u00edas y dentro el reality pasa de todo.<\/p>\n<p>En el programa de este lunes 13 de febrero se vio a Yasm\u00edn Corti discutir con una Mimi filos\u00edsima. Todo ocurri\u00f3 cuando las j\u00f3venes estaban en la cocina preparando el desayuno para el staff y la morena lleg\u00f3 para meterle el dedo en la herida a su compa\u00f1era.<\/p>\n<p>\u201cQu\u00e9 piensas bebecita, que soy una difamadora, pero al final, todo lo que digo se cumple. Anoche fue una noche encendida. Anoche los encontr\u00e9 desnudos en la cama. Pero eso me encanta. Pero quiero que todos se enteren que ten\u00eda raz\u00f3n\u201d, le dijo debido a que pas\u00f3 la noche con Fede Bar\u00f3n y ambos comenzaron con un v\u00ednculo amoroso.<\/p>\n<p>\u201cSos una ordinaria\u201d, le respondi\u00f3 Yasm\u00edn y Mimi alz\u00f3 el guante y le dijo: \u201cOrdinaria eres t\u00fa que se acuesta con un hombre que no conoce. Yo no lo har\u00eda\u201d.<\/p>\n<p>\u201cNo lo haces porque no podes. Te encantar\u00eda estar soltera como yo para hacer lo que sea\u201d, le contesto enojad\u00edsima y para no seguir con la discusi\u00f3n se traslad\u00f3 al comedor para seguir sirviendo la comida.<\/p>\n<\/article>\n<p>Fuente: <a href=\"https:\/\/www.paparazzi.com.ar\/teve\/yasmin-corti-cruzo-fuerte-a-mimi-alvarado-en-el-hotel-sos-una\/\">https:\/\/www.paparazzi.com.ar\/<\/a><\/p>\n<\/p><\/div>\n<footer> <!-- post pagination --> <!-- review --> <\/p>\n<div class=\"td-post-sharing-bottom\">\n<div id=\"td_social_sharing_article_bottom\" class=\"td-post-sharing td-ps-bg td-ps-notext td-post-sharing-style1 \">\n<div class=\"td-post-sharing-visible\"><a class=\"td-social-sharing-button td-social-sharing-button-js td-social-network td-social-facebook\" href=\"https:\/\/www.facebook.com\/sharer.php?u=https%3A%2F%2Felnoticierodigital.com.ar%2F2023%2F02%2F14%2Fyasmin-corti-cruzo-fuerte-a-mimi-alvarado-en-el-hotel%2F\" title=\"Facebook\"> <\/p>\n<p>Facebook<\/p>\n<p> <\/a><a class=\"td-social-sharing-button td-social-sharing-button-js td-social-network td-social-twitter\" href=\"https:\/\/twitter.com\/intent\/tweet?text=Yasmin+Corti+cruz%C3%B3+fuerte+a+Mimi+Alvarado+en+El+Hotel&amp;url=https%3A%2F%2Felnoticierodigital.com.ar%2F2023%2F02%2F14%2Fyasmin-corti-cruzo-fuerte-a-mimi-alvarado-en-el-hotel%2F&amp;via=El+Noticiero+Digital\" title=\"Twitter\"> <\/p>\n<p>Twitter<\/p>\n<p> <\/a><\/div>\n<\/div>\n<\/div>\n<p> <!-- next prev --><\/p>\n<div class=\"td-block-row td-post-next-prev\">\n<div class=\"td-block-span6 td-post-prev-post\">\n<div class=\"td-post-next-prev-content\"><span>Art\u00edculo anterior<\/span><a href=\"https:\/\/elnoticierodigital.com.ar\/2023\/02\/14\/que-dijo-lourdes-sanchez-sobre-sus-supuestos-chats-fogosos-con-fede-bal-me-dio\/\">Qu\u00e9 dijo Lourdes S\u00e1nchez sobre sus supuestos chats fogosos con Fede Bal: \u201cMe dio\u2026\u201d<\/a><\/div>\n<\/div>\n<div class=\"td-block-span6 td-post-next-post\">\n<div class=\"td-post-next-prev-content\"><span>Art\u00edculo siguiente<\/span><a href=\"https:\/\/elnoticierodigital.com.ar\/2023\/02\/14\/la-tragica-realidad-de-los-siniestros-viales-jovenes-de-16-a-35-anos-son-las-principales-victimas-en-salta\/\">La tr\u00e1gica realidad de los siniestros viales: J\u00f3venes de 16 a 35 a\u00f1os son las principales v\u00edctimas en Salta<\/a><\/div>\n<\/div>\n<\/div>\n<p> <!-- author box --><\/p>\n<div class=\"author-box-wrap\"><a href=\"https:\/\/elnoticierodigital.com.ar\/author\/webcrawler\/\" aria-label=\"author-photo\"><img alt src=\"http:\/\/latecordoba.com\/wp-content\/uploads\/2023\/02\/yasmin-corti-cruzo-fuerte-a-mimi-alvarado-en-el-hotel-1.jpg\" srcset=\"https:\/\/secure.gravatar.com\/avatar\/22a7d4689581c8ace4eaa406cb3a4ef1?s=192&amp;d=blank&amp;r=g 2x\" class=\"avatar avatar-96 photo\" height=\"96\" width=\"96\" loading=\"lazy\" decoding=\"async\"><\/a><\/div>\n<p> <!-- meta --><span class=\"td-page-meta\" itemprop=\"author\" itemscope itemtype=\"https:\/\/schema.org\/Person\"><meta itemprop=\"name\" content=\"Sala de Noticias\"><meta itemprop=\"url\" content=\"https:\/\/elnoticierodigital.com.ar\/author\/webcrawler\/\"><\/span><meta itemprop=\"datePublished\" content=\"2023-02-14T00:56:07-03:00\"><meta itemprop=\"dateModified\" content=\"2023-02-14T00:56:14-03:00\"><meta itemscope itemprop=\"mainEntityOfPage\" itemtype=\"https:\/\/schema.org\/WebPage\" itemid=\"https:\/\/elnoticierodigital.com.ar\/2023\/02\/14\/yasmin-corti-cruzo-fuerte-a-mimi-alvarado-en-el-hotel\/\"><span class=\"td-page-meta\" itemprop=\"publisher\" itemscope itemtype=\"https:\/\/schema.org\/Organization\"><span class=\"td-page-meta\" itemprop=\"logo\" itemscope itemtype=\"https:\/\/schema.org\/ImageObject\"><meta itemprop=\"url\" content=\"https:\/\/elnoticierodigital.com.ar\/wp-content\/uploads\/2021\/04\/El_Noticiero_Digital_logo_retina-300x300.png\"><\/span><meta itemprop=\"name\" content=\"El Noticiero Digital\"><\/span><meta itemprop=\"headline \" content=\"Yasmin Corti cruz\u00f3 fuerte a Mimi Alvarado en El Hotel\"><span class=\"td-page-meta\" itemprop=\"image\" itemscope itemtype=\"https:\/\/schema.org\/ImageObject\"><meta itemprop=\"url\" content=\"https:\/\/i0.wp.com\/elnoticierodigital.com.ar\/wp-content\/uploads\/2023\/02\/1262665.jpg?fit=1052%2C665&amp;ssl=1\"><meta itemprop=\"width\" content=\"1052\"><meta itemprop=\"height\" content=\"665\"><\/span> <\/footer>\n","protected":false},"excerpt":{"rendered":"<p> El Hotel de los Famosos sigue su rumbo despu\u00e9s de que la producci\u00f3n expuls\u00f3 a Juan Martino por la denuncia de Flor Moyano. Si bien se conoci\u00f3 que el caso qued\u00f3 en manos de la Justicia, se espera que se resuelva en algunos d\u00edas y dentro el reality pasa de todo. En el programa de [&#8230;]  <\/p>\n","protected":false},"author":1,"featured_media":1056,"comment_status":"closed","ping_status":"closed","sticky":false,"template":"","format":"standard","meta":[],"categories":[14],"tags":[],"_links":{"self":[{"href":"https:\/\/latecordoba.com\/index.php\/wp-json\/wp\/v2\/posts\/1055"}],"collection":[{"href":"https:\/\/latecordoba.com\/index.php\/wp-json\/wp\/v2\/posts"}],"about":[{"href":"https:\/\/latecordoba.com\/index.php\/wp-json\/wp\/v2\/types\/post"}],"author":[{"embeddable":true,"href":"https:\/\/latecordoba.com\/index.php\/wp-json\/wp\/v2\/users\/1"}],"replies":[{"embeddable":true,"href":"https:\/\/latecordoba.com\/index.php\/wp-json\/wp\/v2\/comments?post=1055"}],"version-history":[{"count":0,"href":"https:\/\/latecordoba.com\/index.php\/wp-json\/wp\/v2\/posts\/1055\/revisions"}],"wp:featuredmedia":[{"embeddable":true,"href":"https:\/\/latecordoba.com\/index.php\/wp-json\/wp\/v2\/media\/1056"}],"wp:attachment":[{"href":"https:\/\/latecordoba.com\/index.php\/wp-json\/wp\/v2\/media?parent=1055"}],"wp:term":[{"taxonomy":"category","embeddable":true,"href":"https:\/\/latecordoba.com\/index.php\/wp-json\/wp\/v2\/categories?post=1055"},{"taxonomy":"post_tag","embeddable":true,"href":"https:\/\/latecordoba.com\/index.php\/wp-json\/wp\/v2\/tags?post=1055"}],"curies":[{"name":"wp","href":"https:\/\/api.w.org\/{rel}","templated":true}]}}