{"id":1041,"date":"2023-02-13T18:28:33","date_gmt":"2023-02-13T18:28:33","guid":{"rendered":"https:\/\/www.lapoliticaonline.com\/cordoba\/252071\/"},"modified":"2023-02-13T18:28:33","modified_gmt":"2023-02-13T18:28:33","slug":"con-el-aval-de-schiaretti-pichi-campana-se-mete-en-la-pelea-por-la-viceintendencia-de-cordoba","status":"publish","type":"post","link":"https:\/\/latecordoba.com\/index.php\/2023\/02\/13\/con-el-aval-de-schiaretti-pichi-campana-se-mete-en-la-pelea-por-la-viceintendencia-de-cordoba\/","title":{"rendered":"Con el aval de Schiaretti, Pichi Campana se mete en la pelea por la viceintendencia de C\u00f3rdoba\u00a0"},"content":{"rendered":"\n<div><img decoding=\"async\" src=\"http:\/\/latecordoba.com\/wp-content\/uploads\/2023\/02\/con-el-aval-de-schiaretti-pichi-campana-se-mete-en-la-pelea-por-la-viceintendencia-de-cordoba.jpg\" class=\"ff-og-image-inserted\"><\/div>\n<div id=\"vsmcontent\" readability=\"129\">\n<p><span>Con la popularidad intacta por su larga carrera deportiva, H\u00e9ctor &#8220;Pichi&#8221; Campana se sum\u00f3 a la lista de posibles compa\u00f1eros de f\u00f3rmula de Daniel Passerini, lanzado por el llaryorismo puro para suceder al actual intendente.<\/span><\/p>\n<p>Todo indica que la disputa por ese lugar clave ser\u00e1 con Miguel Siciliano, el secretario de Gobierno y Gesti\u00f3n de la Municipalidad, quien mantiene a su tropa movilizada para compensar con territorialidad la popularidad que arrastra el &#8220;Pichi&#8221; de sus a\u00f1os en el b\u00e1squet como jugador de Atenas, varias veces campe\u00f3n argentino, y de la selecci\u00f3n nacional.<\/p>\n<p>Campana salt\u00f3 a la pol\u00edtica en 2003, de la mano de Luis Juez, y ocup\u00f3 por primera vez una banca en el Concejo Deliberante. Al poco tiempo comenz\u00f3 a desmarcarse de &#8220;el Petiso&#8221;, mientras se acercaba al otrora poderoso Ricardo Jaime, en tiempos del kirchnerismo imbatible. Para dar un golpe simb\u00f3lico, Juan Schiaretti lo llev\u00f3 como candidato a vicegobernador en 2007, en la disputada elecci\u00f3n contra Juez que le vali\u00f3 su primer mandato. En 2011, alineado con Alejandra Vigo, fue candidato a intendente y enfrent\u00f3 a Ram\u00f3n Mestre. Luego, fue legislador y ahora ocupa la Agencia C\u00f3rdoba Deportes, una mega pantalla por la gesti\u00f3n de los grandes eventos de f\u00fatbol, tenis y recitales en la capital provincial. <\/p>\n<p> A los suyos, Campana les dijo que se siente &#8220;preparado&#8221; y en &#8220;armon\u00eda&#8221; para encarar la elecci\u00f3n municipal. Manifest\u00f3 su intenci\u00f3n de competir por la intendencia, pero la definici\u00f3n a favor de Passerini lo dej\u00f3 fuera de cancha. <\/p>\n<p>Sin embargo, la viceintendencia no es, en el caso del peronismo, un premio consuelo: se trata de una silla clave porque Daniel Passerini, actual viceintendente, no podr\u00eda competir en una eventual reelecci\u00f3n en 2027 (en caso de ganar la elecci\u00f3n), por lo que su segundo quedar\u00eda en la l\u00ednea de largada para el pr\u00f3ximo turno. <\/p>\n<p>Una medici\u00f3n de diciembre, encargada desde el comando de campa\u00f1a de Llaryora, determin\u00f3 que Campana tiene un 75 por ciento de conocimiento en toda la provincia, ubic\u00e1ndose en el top de popularidad; mientras que un 36 por ciento respondi\u00f3 que no tiene opini\u00f3n formada respecto de su imagen, y 9 por ciento lo valora negativamente. <\/p>\n<p>Con 15 a\u00f1os de pertenencia, el Pichi es considerado el peronismo un &#8220;viguista puro&#8221;, y no hay objeciones personales hacia \u00e9l en el esquema de la senadora y esposa del gobernador. Al contrario. &#8220;Pichi no s\u00f3lo demostr\u00f3 lealtad, tambi\u00e9n creci\u00f3 en experiencia legislativa y capacidad de gesti\u00f3n&#8221;, dice de Campana una dirigente del PJ Capital que no quisiera dejarle al delasotismo el control absoluto del Palacio 6 de Julio (Passerini salt\u00f3 a las grandes ligas provinciales de la mano de Jos\u00e9 Manuel de la Sota, de quien fue ministro). <\/p>\n<p>Adem\u00e1s de la vidriera del estadio Kempes, sede de la Agencia de Deportes, Campana participa de las inauguraciones de polideportivos barriales que encabeza Juan Schiaretti en la ciudad de C\u00f3rdoba. Se trata de un plan para construir 100 polideportivos en zonas vulnerables de la Capital provincial y las principales ciudades del interior. Se habilitaron 37 y el Gobierno espera sumar 18 m\u00e1s antes de las elecciones provinciales.<\/p>\n<\/div>\n<p><strong>Copyright La Politica Online SA 2023.<\/strong><br \/>Por favor no corte ni pegue en la web nuestras notas, tiene la posibilidad de redistribuirlas usando nuestras herramientas.<\/p>\n","protected":false},"excerpt":{"rendered":"<p> El ex basquetbolista es un incondicional del gobernador, de quien fue su vice. Parado en su popularidad, le disputa el lugar en la boleta a Miguel Siciliano.  <\/p>\n","protected":false},"author":1,"featured_media":1042,"comment_status":"closed","ping_status":"closed","sticky":false,"template":"","format":"standard","meta":[],"categories":[18],"tags":[],"_links":{"self":[{"href":"https:\/\/latecordoba.com\/index.php\/wp-json\/wp\/v2\/posts\/1041"}],"collection":[{"href":"https:\/\/latecordoba.com\/index.php\/wp-json\/wp\/v2\/posts"}],"about":[{"href":"https:\/\/latecordoba.com\/index.php\/wp-json\/wp\/v2\/types\/post"}],"author":[{"embeddable":true,"href":"https:\/\/latecordoba.com\/index.php\/wp-json\/wp\/v2\/users\/1"}],"replies":[{"embeddable":true,"href":"https:\/\/latecordoba.com\/index.php\/wp-json\/wp\/v2\/comments?post=1041"}],"version-history":[{"count":0,"href":"https:\/\/latecordoba.com\/index.php\/wp-json\/wp\/v2\/posts\/1041\/revisions"}],"wp:featuredmedia":[{"embeddable":true,"href":"https:\/\/latecordoba.com\/index.php\/wp-json\/wp\/v2\/media\/1042"}],"wp:attachment":[{"href":"https:\/\/latecordoba.com\/index.php\/wp-json\/wp\/v2\/media?parent=1041"}],"wp:term":[{"taxonomy":"category","embeddable":true,"href":"https:\/\/latecordoba.com\/index.php\/wp-json\/wp\/v2\/categories?post=1041"},{"taxonomy":"post_tag","embeddable":true,"href":"https:\/\/latecordoba.com\/index.php\/wp-json\/wp\/v2\/tags?post=1041"}],"curies":[{"name":"wp","href":"https:\/\/api.w.org\/{rel}","templated":true}]}}