{"id":1035,"date":"2023-02-12T22:59:28","date_gmt":"2023-02-12T22:59:28","guid":{"rendered":"https:\/\/www.lapoliticaonline.com\/politica\/el-radicalismo-le-gano-al-pro-en-la-pampa-y-van-por-cordoba-y-chubut\/"},"modified":"2023-02-12T22:59:28","modified_gmt":"2023-02-12T22:59:28","slug":"el-radicalismo-le-gano-al-pro-en-la-pampa-y-ahora-van-por-cordoba-y-chubut","status":"publish","type":"post","link":"https:\/\/latecordoba.com\/index.php\/2023\/02\/12\/el-radicalismo-le-gano-al-pro-en-la-pampa-y-ahora-van-por-cordoba-y-chubut\/","title":{"rendered":"El radicalismo le gan\u00f3 al PRO en La Pampa y ahora van por C\u00f3rdoba y Chubut"},"content":{"rendered":"\n<div id=\"vsmcontent\" readability=\"116.64194915254\">\n<p>El radical Mart\u00edn Berhongaray derrot\u00f3 c\u00f3modo al candidato del PRO, Mart\u00edn Maquieyra, en la primer primaria de Juntos por el Cambio del a\u00f1o y ser\u00e1 el candidato a gobernador de La Pampa de la coalici\u00f3n opositora, que deber\u00e1 medirse contra el gobernador peronista Sergio Ziliotto, que buscar\u00e1 su reelecci\u00f3n.&nbsp;<\/p>\n<p>El inesperado triunfo caus\u00f3 euforia en el radicalismo que ahora imagina que podr\u00eda quedarse con las candidaturas de C\u00f3rdoba y Chubut, que tambi\u00e9n tienen internas competitivas.<\/p>\n<p>El triunfo de Berhongaray es adem\u00e1s un espaldarazo fuerte a la renovaci\u00f3n del radicalismo que lideran Mart\u00edn Lousteau y Emiliano Yacobitti. Este hijo del hist\u00f3rico senador &#8220;Pacheco&#8221; Berhongaray, integra el bloque de diputados radicales &#8220;Evoluci\u00f3n&#8221;, que lideran Lousteau y Yacobitti. De hecho, este domingo, Berhongaray lleg\u00f3 a la sede de la UCR pampeana para los festejos, acompa\u00f1ado del ex ministro de Econom\u00eda.<\/p>\n<p><a href=\"https:\/\/www.lapoliticaonline.com\/tools\/redirect.php?t=3&amp;i=251507&amp;s=cdba9226bd332fe4e445a655fcec3c88\" class=\"link-type-content content-type-noticia-ar\">Macri fue a La Pampa a apoyar al primo de Pampita&nbsp;<\/a><\/p>\n<p>Su triunfo tambi\u00e9n potencia al juje\u00f1o Gerardo Morales, que tiene una s\u00f3lida alianza con sus correligionarios porte\u00f1os y se sum\u00f3 activamente a la campa\u00f1a de Berhongaray. Junto a Lousteau y Yacobitti viaj\u00f3 este domingo a La Pampa,&nbsp;Guillermo &#8220;Willy&#8221; Hoerth,&nbsp; armador pol\u00edtico de Morales.<\/p>\n<p class=\"authorquote\">Gerardo Morales le hab\u00eda pedido a Larreta que convenza a Maquieyra para que decline su candidatura a gobernador y se presente para la intendencia de General Pico. El jefe de Gobierno hizo la gesti\u00f3n, pero el joven diputado no cedi\u00f3.<\/p>\n<p>El triunfo radical significa adem\u00e1s un duro golpe para el PRO debido a que Maquieyra cont\u00f3 con el apoyo de Mauricio Macri, Patricia Bullrich y Horacio Rodr\u00edguez Larreta. De todas formas, el Jefe de Gobierno de la Ciudad de Buenos Aires sale favorecido gracias a la alianza que est\u00e1 tejiendo con ese sector de la UCR para su candidatura presidencial.<\/p>\n<figure class=\"vsmimage\" contenteditable=\"false\"><img decoding=\"async\" loading=\"lazy\" alt=\"Macri en su visita a La pampa para apoyar a&amp;nbsp;Maquieyra y al primo de Pampita.\" data-vsmid=\"181033\" data-owidth=\"1280\" data-oheight=\"720\" src=\"data:image\/png;base64,iVBORw0KGgoAAAANSUhEUgAAA7YAAAIOAQMAAAC22gN3AAAAA1BMVEUAAACnej3aAAAAAXRSTlMAQObYZgAAAFRJREFUeJztwQENAAAAwqD3T20ON6AAAAAAAAAAAAAAAAAAAAAAAAAAAAAAAAAAAAAAAAAAAAAAAAAAAAAAAAAAAAAAAAAAAAAAAAAAAAAAAAAAPgz2kAABQ8wp\/AAAAABJRU5ErkJggg==\" vsmidos=\"1\" vsmsrc=\"\/files\/image\/181\/181033\/63de930ab1a27_950_526!.jpg?s=fd196bc4b15a89e8656030885a66544a&amp;d=1676246158\" width=\"950\" height=\"526\" contenteditable=\"false\"><\/figure>\n<p>Gerardo Morales le hab\u00eda pedido a Larreta que convenza a Maquieyra para que decline su candidatura a gobernador y se presente para la intendencia de General Pico. La idea era lanzar candidatos competitivos en Pico y Santa Rosa, las principales ciudades de La Pampa,&nbsp;para enfrentar al peronismo en una posici\u00f3n de mayor fortaleza. Pero Maquieyra no acept\u00f3 la sugerencia. Ahora, en Juntos reconocen que no estar\u00e1 f\u00e1cil la pelea contra el gobernador Ziliotto.<\/p>\n<p><a href=\"https:\/\/www.lapoliticaonline.com\/tools\/redirect.php?t=3&amp;i=251507&amp;s=cdba9226bd332fe4e445a655fcec3c88\" class=\"link-type-content content-type-noticia-ar\">Macri fue a La Pampa a apoyar al primo de Pampita&nbsp;<\/a><\/p>\n<p>Santa Rosa tambi\u00e9n tuvo victoria radical con el ex intendente radical&nbsp;Francisco Torroba que&nbsp;venci\u00f3 al primo de Pampita, Mart\u00edn Ardohain del PRO.<\/p>\n<p>La victoria entusiasma al radicalismo para los pr\u00f3ximas internas de Juntos por el Cambio en C\u00f3rdoba con Rodrigo de Loredo como candidato y en Chubut, donde el presidente de la UCR chubutense e intendente de Rawson,&nbsp;Dami\u00e1n Bliss, competir\u00e1 contra el senador nacional del PRO, Ignacio Torres.<\/p>\n<\/div>\n<p><strong>Copyright La Politica Online SA 2023.<\/strong><br \/>Por favor no corte ni pegue en la web nuestras notas, tiene la posibilidad de redistribuirlas usando nuestras herramientas.<\/p>\n","protected":false},"excerpt":{"rendered":"<p> Mart\u00edn Berhongaray, apoyado por Lousteau, Yacobiti y Morales le gan\u00f3 la interna a Mart\u00edn Maquieyra, candidato de unidad del PRO. La UCR tambi\u00e9n gan\u00f3 Santa Rosa.  <\/p>\n","protected":false},"author":1,"featured_media":1036,"comment_status":"closed","ping_status":"closed","sticky":false,"template":"","format":"standard","meta":[],"categories":[18],"tags":[],"_links":{"self":[{"href":"https:\/\/latecordoba.com\/index.php\/wp-json\/wp\/v2\/posts\/1035"}],"collection":[{"href":"https:\/\/latecordoba.com\/index.php\/wp-json\/wp\/v2\/posts"}],"about":[{"href":"https:\/\/latecordoba.com\/index.php\/wp-json\/wp\/v2\/types\/post"}],"author":[{"embeddable":true,"href":"https:\/\/latecordoba.com\/index.php\/wp-json\/wp\/v2\/users\/1"}],"replies":[{"embeddable":true,"href":"https:\/\/latecordoba.com\/index.php\/wp-json\/wp\/v2\/comments?post=1035"}],"version-history":[{"count":0,"href":"https:\/\/latecordoba.com\/index.php\/wp-json\/wp\/v2\/posts\/1035\/revisions"}],"wp:featuredmedia":[{"embeddable":true,"href":"https:\/\/latecordoba.com\/index.php\/wp-json\/wp\/v2\/media\/1036"}],"wp:attachment":[{"href":"https:\/\/latecordoba.com\/index.php\/wp-json\/wp\/v2\/media?parent=1035"}],"wp:term":[{"taxonomy":"category","embeddable":true,"href":"https:\/\/latecordoba.com\/index.php\/wp-json\/wp\/v2\/categories?post=1035"},{"taxonomy":"post_tag","embeddable":true,"href":"https:\/\/latecordoba.com\/index.php\/wp-json\/wp\/v2\/tags?post=1035"}],"curies":[{"name":"wp","href":"https:\/\/api.w.org\/{rel}","templated":true}]}}